{"id":1717,"date":"2022-09-12T22:05:00","date_gmt":"2022-09-12T20:05:00","guid":{"rendered":"http:\/\/zsp5.zory.pl\/?p=1717"},"modified":"2022-10-03T22:08:00","modified_gmt":"2022-10-03T20:08:00","slug":"tydzien-dla-profilaktyki-chorob-zakaznych","status":"publish","type":"post","link":"https:\/\/zsp5.zory.pl\/?p=1717","title":{"rendered":"Tydzie\u0144 dla profilaktyki chor\u00f3b zaka\u017anych"},"content":{"rendered":"\n<p>W dniach 12-16.09.2022r w naszej szkole zosta\u0142a przeprowadzona akcja Ministerstwa Edukacji i Nauki oraz G\u0142\u00f3wnego Inspektoratu Sanitarnego maj\u0105ca na celu przekazywanie wiedzy i umiej\u0119tno\u015bci potrzebnych do dbania o zdrowie w\u0142asne i najbli\u017cszych. W ramach akcji w klasach 1-8 zosta\u0142 przeprowadzony cykl lekcji m.in. na temat szczepie\u0144. Szkolne korytarze ozdobi\u0142y gazetki o tematyce profilaktycznej. Podczas zebra\u0144 z rodzicami swoje stoiska informacyjne przygotowa\u0142 Samorz\u0105d Uczniowski. W akcj\u0119 zaanga\u017cowa\u0142a si\u0119 r\u00f3wnie\u017c szkolna piel\u0119gniarka, kt\u00f3ra odwiedzi\u0142a wszystkie klasy i przeprowadzi\u0142a z uczniami pogadank\u0119 prozdrowotn\u0105.<\/p>\n","protected":false},"excerpt":{"rendered":"<p>W dniach 12-16.09.2022r w naszej szkole zosta\u0142a przeprowadzona akcja Ministerstwa Edukacji i Nauki oraz G\u0142\u00f3wnego Inspektoratu Sanitarnego maj\u0105ca na celu przekazywanie wiedzy i umiej\u0119tno\u015bci potrzebnych do dbania o zdrowie w\u0142asne i najbli\u017cszych. W ramach akcji w klasach 1-8 zosta\u0142 przeprowadzony cykl lekcji m.in. na temat szczepie\u0144. Szkolne korytarze ozdobi\u0142y gazetki o tematyce profilaktycznej. Podczas zebra\u0144 [&hellip;]<\/p>\n","protected":false},"author":11,"featured_media":0,"comment_status":"closed","ping_status":"open","sticky":false,"template":"","format":"standard","meta":{"_et_pb_use_builder":"","_et_pb_old_content":"","_et_gb_content_width":"","footnotes":""},"categories":[2,87],"tags":[143],"class_list":["post-1717","post","type-post","status-publish","format-standard","hentry","category-aktualnosci","category-sp5-zory-komunikaty","tag-profilaktyka"],"_links":{"self":[{"href":"https:\/\/zsp5.zory.pl\/index.php?rest_route=\/wp\/v2\/posts\/1717","targetHints":{"allow":["GET"]}}],"collection":[{"href":"https:\/\/zsp5.zory.pl\/index.php?rest_route=\/wp\/v2\/posts"}],"about":[{"href":"https:\/\/zsp5.zory.pl\/index.php?rest_route=\/wp\/v2\/types\/post"}],"author":[{"embeddable":true,"href":"https:\/\/zsp5.zory.pl\/index.php?rest_route=\/wp\/v2\/users\/11"}],"replies":[{"embeddable":true,"href":"https:\/\/zsp5.zory.pl\/index.php?rest_route=%2Fwp%2Fv2%2Fcomments&post=1717"}],"version-history":[{"count":1,"href":"https:\/\/zsp5.zory.pl\/index.php?rest_route=\/wp\/v2\/posts\/1717\/revisions"}],"predecessor-version":[{"id":1718,"href":"https:\/\/zsp5.zory.pl\/index.php?rest_route=\/wp\/v2\/posts\/1717\/revisions\/1718"}],"wp:attachment":[{"href":"https:\/\/zsp5.zory.pl\/index.php?rest_route=%2Fwp%2Fv2%2Fmedia&parent=1717"}],"wp:term":[{"taxonomy":"category","embeddable":true,"href":"https:\/\/zsp5.zory.pl\/index.php?rest_route=%2Fwp%2Fv2%2Fcategories&post=1717"},{"taxonomy":"post_tag","embeddable":true,"href":"https:\/\/zsp5.zory.pl\/index.php?rest_route=%2Fwp%2Fv2%2Ftags&post=1717"}],"curies":[{"name":"wp","href":"https:\/\/api.w.org\/{rel}","templated":true}]}}