{"id":1714,"date":"2022-09-18T22:00:00","date_gmt":"2022-09-18T20:00:00","guid":{"rendered":"http:\/\/zsp5.zory.pl\/?p=1714"},"modified":"2022-10-03T22:09:26","modified_gmt":"2022-10-03T20:09:26","slug":"miedzynarodowy-dzien-kropki","status":"publish","type":"post","link":"https:\/\/zsp5.zory.pl\/?p=1714","title":{"rendered":"Mi\u0119dzynarodowy Dzie\u0144 Kropki"},"content":{"rendered":"\n<p>15.09 &#8211; Mi\u0119dzynarodowy Dzie\u0144 Kropki to \u015bwi\u0119to, kt\u00f3re od 2008 roku stwarza okazj\u0119 do budowania pewno\u015bci siebie, odkrywania talent\u00f3w i pobudzania wyobra\u017ani dzieci, m\u0142odzie\u017cy i doros\u0142ych. Wszystko rozpocz\u0119\u0142o si\u0119 w 2003 roku, kiedy Peter H. Reynolds wyda\u0142 ksi\u0105\u017ck\u0119 dla dzieci \u201eThe Dot\u201d (czyli \u201cKropka\u201d), w kt\u00f3rej opowiedziana zosta\u0142a historia ma\u0142ej Vashtii. Nie\u015bmia\u0142a dziewczynka, dzi\u0119ki nauczycielce od plastyki, uwierzy\u0142a w siebie i pozna\u0142a sw\u00f3j talent, inspiruj\u0105c tysi\u0105ce nauczycieli do dzia\u0142ania i celebrowania Dnia Kropki. Uczniowie i nauczyciele Zespo\u0142u Szkolno &#8211; Przedszkolnego nr 5 r\u00f3wnie\u017c uczcili \u015bwi\u0119to kreatywno\u015bci czyli Mi\u0119dzynarodowy Dzie\u0144 Kropki. Tego dnia w naszej szkole rz\u0105dzi\u0142y barwy i pomys\u0142owo\u015b\u0107.<\/p>\n","protected":false},"excerpt":{"rendered":"<p>15.09 &#8211; Mi\u0119dzynarodowy Dzie\u0144 Kropki to \u015bwi\u0119to, kt\u00f3re od 2008 roku stwarza okazj\u0119 do budowania pewno\u015bci siebie, odkrywania talent\u00f3w i pobudzania wyobra\u017ani dzieci, m\u0142odzie\u017cy i doros\u0142ych. Wszystko rozpocz\u0119\u0142o si\u0119 w 2003 roku, kiedy Peter H. Reynolds wyda\u0142 ksi\u0105\u017ck\u0119 dla dzieci \u201eThe Dot\u201d (czyli \u201cKropka\u201d), w kt\u00f3rej opowiedziana zosta\u0142a historia ma\u0142ej Vashtii. Nie\u015bmia\u0142a dziewczynka, dzi\u0119ki nauczycielce [&hellip;]<\/p>\n","protected":false},"author":11,"featured_media":0,"comment_status":"closed","ping_status":"open","sticky":false,"template":"","format":"standard","meta":{"_et_pb_use_builder":"","_et_pb_old_content":"","_et_gb_content_width":"","footnotes":""},"categories":[2,87],"tags":[149],"class_list":["post-1714","post","type-post","status-publish","format-standard","hentry","category-aktualnosci","category-sp5-zory-komunikaty","tag-dzien-kropki"],"_links":{"self":[{"href":"https:\/\/zsp5.zory.pl\/index.php?rest_route=\/wp\/v2\/posts\/1714","targetHints":{"allow":["GET"]}}],"collection":[{"href":"https:\/\/zsp5.zory.pl\/index.php?rest_route=\/wp\/v2\/posts"}],"about":[{"href":"https:\/\/zsp5.zory.pl\/index.php?rest_route=\/wp\/v2\/types\/post"}],"author":[{"embeddable":true,"href":"https:\/\/zsp5.zory.pl\/index.php?rest_route=\/wp\/v2\/users\/11"}],"replies":[{"embeddable":true,"href":"https:\/\/zsp5.zory.pl\/index.php?rest_route=%2Fwp%2Fv2%2Fcomments&post=1714"}],"version-history":[{"count":1,"href":"https:\/\/zsp5.zory.pl\/index.php?rest_route=\/wp\/v2\/posts\/1714\/revisions"}],"predecessor-version":[{"id":1715,"href":"https:\/\/zsp5.zory.pl\/index.php?rest_route=\/wp\/v2\/posts\/1714\/revisions\/1715"}],"wp:attachment":[{"href":"https:\/\/zsp5.zory.pl\/index.php?rest_route=%2Fwp%2Fv2%2Fmedia&parent=1714"}],"wp:term":[{"taxonomy":"category","embeddable":true,"href":"https:\/\/zsp5.zory.pl\/index.php?rest_route=%2Fwp%2Fv2%2Fcategories&post=1714"},{"taxonomy":"post_tag","embeddable":true,"href":"https:\/\/zsp5.zory.pl\/index.php?rest_route=%2Fwp%2Fv2%2Ftags&post=1714"}],"curies":[{"name":"wp","href":"https:\/\/api.w.org\/{rel}","templated":true}]}}