{"id":1703,"date":"2022-10-01T21:40:00","date_gmt":"2022-10-01T19:40:00","guid":{"rendered":"http:\/\/zsp5.zory.pl\/?p=1703"},"modified":"2022-10-03T21:44:15","modified_gmt":"2022-10-03T19:44:15","slug":"pola-nadziei","status":"publish","type":"post","link":"https:\/\/zsp5.zory.pl\/?p=1703","title":{"rendered":"&#8222;Pola Nadziei&#8221;"},"content":{"rendered":"\n<p>Serdecznie zapraszamy do udzia\u0142u w kolejnej edycji kampanii spo\u0142ecznej &#8222;Pola Nadziei&#8221;. Jak co roku Hospicjum im. Jana Paw\u0142a II w \u017borach w ramach kampanii zbiera niezb\u0119dne do funkcjonowania fundusze poprzez dystrybucj\u0119 cebulek \u017conkili. Cebulki mo\u017cna naby\u0107 od poniedzia\u0142ku w \u015bwietlicy szkolnej, a do puszki z\u0142o\u017cy\u0107 datki, kt\u00f3re b\u0119d\u0105 przekazane na potrzeby pacjent\u00f3w hospicjum. To dobrzy ludzie swoim przyk\u0142adem, zaanga\u017cowaniem i postaw\u0105 sprawiaj\u0105, \u017ce Pola Nadziei zakwitaj\u0105 na wiosn\u0119, a Hospicjum kontynuuje sw\u0105 misj\u0119 opieki i pomocy.<\/p>\n","protected":false},"excerpt":{"rendered":"<p>Serdecznie zapraszamy do udzia\u0142u w kolejnej edycji kampanii spo\u0142ecznej &#8222;Pola Nadziei&#8221;. Jak co roku Hospicjum im. Jana Paw\u0142a II w \u017borach w ramach kampanii zbiera niezb\u0119dne do funkcjonowania fundusze poprzez dystrybucj\u0119 cebulek \u017conkili. Cebulki mo\u017cna naby\u0107 od poniedzia\u0142ku w \u015bwietlicy szkolnej, a do puszki z\u0142o\u017cy\u0107 datki, kt\u00f3re b\u0119d\u0105 przekazane na potrzeby pacjent\u00f3w hospicjum. To dobrzy [&hellip;]<\/p>\n","protected":false},"author":11,"featured_media":0,"comment_status":"closed","ping_status":"open","sticky":false,"template":"","format":"standard","meta":{"_et_pb_use_builder":"","_et_pb_old_content":"","_et_gb_content_width":"","footnotes":""},"categories":[2,87],"tags":[140],"class_list":["post-1703","post","type-post","status-publish","format-standard","hentry","category-aktualnosci","category-sp5-zory-komunikaty","tag-pola-nadziei"],"_links":{"self":[{"href":"https:\/\/zsp5.zory.pl\/index.php?rest_route=\/wp\/v2\/posts\/1703","targetHints":{"allow":["GET"]}}],"collection":[{"href":"https:\/\/zsp5.zory.pl\/index.php?rest_route=\/wp\/v2\/posts"}],"about":[{"href":"https:\/\/zsp5.zory.pl\/index.php?rest_route=\/wp\/v2\/types\/post"}],"author":[{"embeddable":true,"href":"https:\/\/zsp5.zory.pl\/index.php?rest_route=\/wp\/v2\/users\/11"}],"replies":[{"embeddable":true,"href":"https:\/\/zsp5.zory.pl\/index.php?rest_route=%2Fwp%2Fv2%2Fcomments&post=1703"}],"version-history":[{"count":1,"href":"https:\/\/zsp5.zory.pl\/index.php?rest_route=\/wp\/v2\/posts\/1703\/revisions"}],"predecessor-version":[{"id":1704,"href":"https:\/\/zsp5.zory.pl\/index.php?rest_route=\/wp\/v2\/posts\/1703\/revisions\/1704"}],"wp:attachment":[{"href":"https:\/\/zsp5.zory.pl\/index.php?rest_route=%2Fwp%2Fv2%2Fmedia&parent=1703"}],"wp:term":[{"taxonomy":"category","embeddable":true,"href":"https:\/\/zsp5.zory.pl\/index.php?rest_route=%2Fwp%2Fv2%2Fcategories&post=1703"},{"taxonomy":"post_tag","embeddable":true,"href":"https:\/\/zsp5.zory.pl\/index.php?rest_route=%2Fwp%2Fv2%2Ftags&post=1703"}],"curies":[{"name":"wp","href":"https:\/\/api.w.org\/{rel}","templated":true}]}}