{"id":1701,"date":"2022-09-29T21:36:00","date_gmt":"2022-09-29T19:36:00","guid":{"rendered":"http:\/\/zsp5.zory.pl\/?p=1701"},"modified":"2022-10-03T22:08:43","modified_gmt":"2022-10-03T20:08:43","slug":"narodowe-czytanie-w-przedszkolu","status":"publish","type":"post","link":"https:\/\/zsp5.zory.pl\/?p=1701","title":{"rendered":"Narodowe Czytanie w przedszkolu"},"content":{"rendered":"\n<p>29.09.2022 r. przedszkolaki uczestniczy\u0142y w 11 ods\u0142onie Narodowego Czytania. Dzieci wys\u0142ucha\u0142y fragmentu utworu Adama Mickiewicza pt. ,,Pani Twardowska&#8221;. W Narodowym czytaniu udzia\u0142 wzi\u0119\u0142y: pani dyrektor Renata Ga\u0142u\u017cna, wicedyrektor przedszkola pani Wioleta Tobiasz, Mama Ani \u0141. z gr. ,,D&#8221; oraz wychowawcy grup. Dzieci otrzyma\u0142y pami\u0105tkow\u0105 piecz\u0105tk\u0119 oraz tematyczn\u0105 kolorowank\u0119. Dzi\u0119kujemy wszystkim go\u015bciom za udzia\u0142 w akcji Narodowego Czytania!<\/p>\n","protected":false},"excerpt":{"rendered":"<p>29.09.2022 r. przedszkolaki uczestniczy\u0142y w 11 ods\u0142onie Narodowego Czytania. Dzieci wys\u0142ucha\u0142y fragmentu utworu Adama Mickiewicza pt. ,,Pani Twardowska&#8221;. W Narodowym czytaniu udzia\u0142 wzi\u0119\u0142y: pani dyrektor Renata Ga\u0142u\u017cna, wicedyrektor przedszkola pani Wioleta Tobiasz, Mama Ani \u0141. z gr. ,,D&#8221; oraz wychowawcy grup. Dzieci otrzyma\u0142y pami\u0105tkow\u0105 piecz\u0105tk\u0119 oraz tematyczn\u0105 kolorowank\u0119. Dzi\u0119kujemy wszystkim go\u015bciom za udzia\u0142 w akcji [&hellip;]<\/p>\n","protected":false},"author":11,"featured_media":0,"comment_status":"closed","ping_status":"open","sticky":false,"template":"","format":"standard","meta":{"_et_pb_use_builder":"","_et_pb_old_content":"","_et_gb_content_width":"","footnotes":""},"categories":[2,4],"tags":[145],"class_list":["post-1701","post","type-post","status-publish","format-standard","hentry","category-aktualnosci","category-grupy_aktualnosci","tag-narodowe-czytanie"],"_links":{"self":[{"href":"https:\/\/zsp5.zory.pl\/index.php?rest_route=\/wp\/v2\/posts\/1701","targetHints":{"allow":["GET"]}}],"collection":[{"href":"https:\/\/zsp5.zory.pl\/index.php?rest_route=\/wp\/v2\/posts"}],"about":[{"href":"https:\/\/zsp5.zory.pl\/index.php?rest_route=\/wp\/v2\/types\/post"}],"author":[{"embeddable":true,"href":"https:\/\/zsp5.zory.pl\/index.php?rest_route=\/wp\/v2\/users\/11"}],"replies":[{"embeddable":true,"href":"https:\/\/zsp5.zory.pl\/index.php?rest_route=%2Fwp%2Fv2%2Fcomments&post=1701"}],"version-history":[{"count":1,"href":"https:\/\/zsp5.zory.pl\/index.php?rest_route=\/wp\/v2\/posts\/1701\/revisions"}],"predecessor-version":[{"id":1702,"href":"https:\/\/zsp5.zory.pl\/index.php?rest_route=\/wp\/v2\/posts\/1701\/revisions\/1702"}],"wp:attachment":[{"href":"https:\/\/zsp5.zory.pl\/index.php?rest_route=%2Fwp%2Fv2%2Fmedia&parent=1701"}],"wp:term":[{"taxonomy":"category","embeddable":true,"href":"https:\/\/zsp5.zory.pl\/index.php?rest_route=%2Fwp%2Fv2%2Fcategories&post=1701"},{"taxonomy":"post_tag","embeddable":true,"href":"https:\/\/zsp5.zory.pl\/index.php?rest_route=%2Fwp%2Fv2%2Ftags&post=1701"}],"curies":[{"name":"wp","href":"https:\/\/api.w.org\/{rel}","templated":true}]}}