{"id":1697,"date":"2022-09-30T21:21:00","date_gmt":"2022-09-30T19:21:00","guid":{"rendered":"http:\/\/zsp5.zory.pl\/?p=1697"},"modified":"2022-10-03T21:31:28","modified_gmt":"2022-10-03T19:31:28","slug":"europejski-dzien-sportu-szkolnego","status":"publish","type":"post","link":"https:\/\/zsp5.zory.pl\/?p=1697","title":{"rendered":"Europejski Dzie\u0144 Sportu Szkolnego"},"content":{"rendered":"\n<p>30 wrze\u015bnia nasza plac\u00f3wka \u015bwi\u0119towa\u0142a Europejski Dzie\u0144 Sportu Szkolnego. Tego dnia w naszej szkole obowi\u0105zywa\u0142 wyj\u0105tkowy harmonogram dnia \u2013 RUCHOWY PLAN LEKCJI, kt\u00f3ry przygotowa\u0142a Akademia Krokieta i Lamy. W ramach aktywno\u015bci fizycznej odby\u0142y si\u0119 wy\u015bcigach rz\u0119d\u00f3w, turniej w &#8222;Dwa Ognie&#8221; oraz rozgrywki koszyk\u00f3wki.<\/p>\n","protected":false},"excerpt":{"rendered":"<p>30 wrze\u015bnia nasza plac\u00f3wka \u015bwi\u0119towa\u0142a Europejski Dzie\u0144 Sportu Szkolnego. Tego dnia w naszej szkole obowi\u0105zywa\u0142 wyj\u0105tkowy harmonogram dnia \u2013 RUCHOWY PLAN LEKCJI, kt\u00f3ry przygotowa\u0142a Akademia Krokieta i Lamy. W ramach aktywno\u015bci fizycznej odby\u0142y si\u0119 wy\u015bcigach rz\u0119d\u00f3w, turniej w &#8222;Dwa Ognie&#8221; oraz rozgrywki koszyk\u00f3wki.<\/p>\n","protected":false},"author":11,"featured_media":0,"comment_status":"closed","ping_status":"open","sticky":false,"template":"","format":"standard","meta":{"_et_pb_use_builder":"","_et_pb_old_content":"","_et_gb_content_width":"","footnotes":""},"categories":[87],"tags":[138],"class_list":["post-1697","post","type-post","status-publish","format-standard","hentry","category-sp5-zory-komunikaty","tag-europejski-dzien-sportu-szkolnego"],"_links":{"self":[{"href":"https:\/\/zsp5.zory.pl\/index.php?rest_route=\/wp\/v2\/posts\/1697","targetHints":{"allow":["GET"]}}],"collection":[{"href":"https:\/\/zsp5.zory.pl\/index.php?rest_route=\/wp\/v2\/posts"}],"about":[{"href":"https:\/\/zsp5.zory.pl\/index.php?rest_route=\/wp\/v2\/types\/post"}],"author":[{"embeddable":true,"href":"https:\/\/zsp5.zory.pl\/index.php?rest_route=\/wp\/v2\/users\/11"}],"replies":[{"embeddable":true,"href":"https:\/\/zsp5.zory.pl\/index.php?rest_route=%2Fwp%2Fv2%2Fcomments&post=1697"}],"version-history":[{"count":1,"href":"https:\/\/zsp5.zory.pl\/index.php?rest_route=\/wp\/v2\/posts\/1697\/revisions"}],"predecessor-version":[{"id":1698,"href":"https:\/\/zsp5.zory.pl\/index.php?rest_route=\/wp\/v2\/posts\/1697\/revisions\/1698"}],"wp:attachment":[{"href":"https:\/\/zsp5.zory.pl\/index.php?rest_route=%2Fwp%2Fv2%2Fmedia&parent=1697"}],"wp:term":[{"taxonomy":"category","embeddable":true,"href":"https:\/\/zsp5.zory.pl\/index.php?rest_route=%2Fwp%2Fv2%2Fcategories&post=1697"},{"taxonomy":"post_tag","embeddable":true,"href":"https:\/\/zsp5.zory.pl\/index.php?rest_route=%2Fwp%2Fv2%2Ftags&post=1697"}],"curies":[{"name":"wp","href":"https:\/\/api.w.org\/{rel}","templated":true}]}}