{"id":1695,"date":"2022-10-03T21:18:00","date_gmt":"2022-10-03T19:18:00","guid":{"rendered":"http:\/\/zsp5.zory.pl\/?p=1695"},"modified":"2022-10-03T22:03:35","modified_gmt":"2022-10-03T20:03:35","slug":"klub-szkol-unicef","status":"publish","type":"post","link":"https:\/\/zsp5.zory.pl\/?p=1695","title":{"rendered":"Klub Szk\u00f3\u0142 UNICEF"},"content":{"rendered":"\n<p>Klub Szk\u00f3\u0142 UNICEF \u2013 projekt edukacyjny realizowany w naszej szkole od lat. Od 1 marca 2017 roku Zesp\u00f3\u0142 Szkolno-Przedszkolny nr 5 w \u017borach uczestniczy w realizacji inicjatywy edukacyjnej: Klub Szk\u00f3\u0142 UNICEF. Klub zrzesza plac\u00f3wki zainteresowane propagowaniem w\u015br\u00f3d swoich podopiecznych idei niesienia pomocy najbardziej potrzebuj\u0105cym dzieciom na \u015bwiecie. Szko\u0142y nale\u017c\u0105ce do Klubu nie tylko uczestnicz\u0105 w akcjach edukacyjnych przygotowywanych przez UNICEF, ale tak\u017ce organizuj\u0105 <a><\/a>dzia\u0142ania zaplanowane na dany rok szkolny.<\/p>\n\n\n\n<p>G\u0142\u00f3wny cel: to budzenie \u015bwiadomo\u015bci uczni\u00f3w i kszta\u0142towanie postawy propomocowej.<\/p>\n\n\n\n<p>W ramach realizacji za\u0142o\u017ce\u0144 tej inicjatywy edukacyjnej na II pi\u0119trze naszej szko\u0142y pojawi\u0142a si\u0119 gazetka informacyjna, na kt\u00f3rej co miesi\u0105c b\u0119d\u0105 si\u0119 pojawia\u0142y aktualno\u015bci Klubu.<\/p>\n","protected":false},"excerpt":{"rendered":"<p>Klub Szk\u00f3\u0142 UNICEF \u2013 projekt edukacyjny realizowany w naszej szkole od lat. Od 1 marca 2017 roku Zesp\u00f3\u0142 Szkolno-Przedszkolny nr 5 w \u017borach uczestniczy w realizacji inicjatywy edukacyjnej: Klub Szk\u00f3\u0142 UNICEF. Klub zrzesza plac\u00f3wki zainteresowane propagowaniem w\u015br\u00f3d swoich podopiecznych idei niesienia pomocy najbardziej potrzebuj\u0105cym dzieciom na \u015bwiecie. Szko\u0142y nale\u017c\u0105ce do Klubu nie tylko uczestnicz\u0105 w [&hellip;]<\/p>\n","protected":false},"author":11,"featured_media":0,"comment_status":"closed","ping_status":"open","sticky":false,"template":"","format":"standard","meta":{"_et_pb_use_builder":"","_et_pb_old_content":"","_et_gb_content_width":"","footnotes":""},"categories":[2,87],"tags":[142],"class_list":["post-1695","post","type-post","status-publish","format-standard","hentry","category-aktualnosci","category-sp5-zory-komunikaty","tag-unicef"],"_links":{"self":[{"href":"https:\/\/zsp5.zory.pl\/index.php?rest_route=\/wp\/v2\/posts\/1695","targetHints":{"allow":["GET"]}}],"collection":[{"href":"https:\/\/zsp5.zory.pl\/index.php?rest_route=\/wp\/v2\/posts"}],"about":[{"href":"https:\/\/zsp5.zory.pl\/index.php?rest_route=\/wp\/v2\/types\/post"}],"author":[{"embeddable":true,"href":"https:\/\/zsp5.zory.pl\/index.php?rest_route=\/wp\/v2\/users\/11"}],"replies":[{"embeddable":true,"href":"https:\/\/zsp5.zory.pl\/index.php?rest_route=%2Fwp%2Fv2%2Fcomments&post=1695"}],"version-history":[{"count":1,"href":"https:\/\/zsp5.zory.pl\/index.php?rest_route=\/wp\/v2\/posts\/1695\/revisions"}],"predecessor-version":[{"id":1696,"href":"https:\/\/zsp5.zory.pl\/index.php?rest_route=\/wp\/v2\/posts\/1695\/revisions\/1696"}],"wp:attachment":[{"href":"https:\/\/zsp5.zory.pl\/index.php?rest_route=%2Fwp%2Fv2%2Fmedia&parent=1695"}],"wp:term":[{"taxonomy":"category","embeddable":true,"href":"https:\/\/zsp5.zory.pl\/index.php?rest_route=%2Fwp%2Fv2%2Fcategories&post=1695"},{"taxonomy":"post_tag","embeddable":true,"href":"https:\/\/zsp5.zory.pl\/index.php?rest_route=%2Fwp%2Fv2%2Ftags&post=1695"}],"curies":[{"name":"wp","href":"https:\/\/api.w.org\/{rel}","templated":true}]}}