{"id":1692,"date":"2022-09-04T21:13:00","date_gmt":"2022-09-04T19:13:00","guid":{"rendered":"http:\/\/zsp5.zory.pl\/?p=1692"},"modified":"2022-10-03T21:14:56","modified_gmt":"2022-10-03T19:14:56","slug":"slubowanie-klas-pierwszych","status":"publish","type":"post","link":"https:\/\/zsp5.zory.pl\/?p=1692","title":{"rendered":"\u015alubowanie klas pierwszych"},"content":{"rendered":"\n<p>1. wrze\u015bnia w obecno\u015bci pani dyrektor Renaty Ga\u0142u\u017cnej oraz pa\u0144 wicedyrektorek: Anety Sobaszek oraz Wiolety Tobiasz nasi pierwszoklasi\u015bci wyrecytowali uroczysty tekst \u015blubowania. Nast\u0119pnie pani dyrektor pasowa\u0142a ka\u017cdego pierwszoklasist\u0119 na ucznia SP5 w \u017borach. Wychowawcami klas pierwszych zosta\u0142y: w klasie 1a p. Agnieszka Wala, w klasie 1b p. Magdalena Chodun.<\/p>\n\n\n\n<p>Naszym pierwszoklasistom oraz wszystkim uczniom naszej szko\u0142y \u017cyczymy obfituj\u0105cego w wiedz\u0119, nowe przyja\u017anie oraz <a><\/a>udane wycieczki roku szkolnego 2022\/2023.<\/p>\n","protected":false},"excerpt":{"rendered":"<p>1. wrze\u015bnia w obecno\u015bci pani dyrektor Renaty Ga\u0142u\u017cnej oraz pa\u0144 wicedyrektorek: Anety Sobaszek oraz Wiolety Tobiasz nasi pierwszoklasi\u015bci wyrecytowali uroczysty tekst \u015blubowania. Nast\u0119pnie pani dyrektor pasowa\u0142a ka\u017cdego pierwszoklasist\u0119 na ucznia SP5 w \u017borach. Wychowawcami klas pierwszych zosta\u0142y: w klasie 1a p. Agnieszka Wala, w klasie 1b p. Magdalena Chodun. Naszym pierwszoklasistom oraz wszystkim uczniom naszej [&hellip;]<\/p>\n","protected":false},"author":11,"featured_media":0,"comment_status":"closed","ping_status":"open","sticky":false,"template":"","format":"standard","meta":{"_et_pb_use_builder":"","_et_pb_old_content":"","_et_gb_content_width":"","footnotes":""},"categories":[87],"tags":[137],"class_list":["post-1692","post","type-post","status-publish","format-standard","hentry","category-sp5-zory-komunikaty","tag-slubowanie"],"_links":{"self":[{"href":"https:\/\/zsp5.zory.pl\/index.php?rest_route=\/wp\/v2\/posts\/1692","targetHints":{"allow":["GET"]}}],"collection":[{"href":"https:\/\/zsp5.zory.pl\/index.php?rest_route=\/wp\/v2\/posts"}],"about":[{"href":"https:\/\/zsp5.zory.pl\/index.php?rest_route=\/wp\/v2\/types\/post"}],"author":[{"embeddable":true,"href":"https:\/\/zsp5.zory.pl\/index.php?rest_route=\/wp\/v2\/users\/11"}],"replies":[{"embeddable":true,"href":"https:\/\/zsp5.zory.pl\/index.php?rest_route=%2Fwp%2Fv2%2Fcomments&post=1692"}],"version-history":[{"count":1,"href":"https:\/\/zsp5.zory.pl\/index.php?rest_route=\/wp\/v2\/posts\/1692\/revisions"}],"predecessor-version":[{"id":1693,"href":"https:\/\/zsp5.zory.pl\/index.php?rest_route=\/wp\/v2\/posts\/1692\/revisions\/1693"}],"wp:attachment":[{"href":"https:\/\/zsp5.zory.pl\/index.php?rest_route=%2Fwp%2Fv2%2Fmedia&parent=1692"}],"wp:term":[{"taxonomy":"category","embeddable":true,"href":"https:\/\/zsp5.zory.pl\/index.php?rest_route=%2Fwp%2Fv2%2Fcategories&post=1692"},{"taxonomy":"post_tag","embeddable":true,"href":"https:\/\/zsp5.zory.pl\/index.php?rest_route=%2Fwp%2Fv2%2Ftags&post=1692"}],"curies":[{"name":"wp","href":"https:\/\/api.w.org\/{rel}","templated":true}]}}