{"id":1508,"date":"2022-09-18T18:54:31","date_gmt":"2022-09-18T16:54:31","guid":{"rendered":"http:\/\/zsp5.zory.pl\/?p=1508"},"modified":"2023-01-19T13:13:06","modified_gmt":"2023-01-19T12:13:06","slug":"jadlospis","status":"publish","type":"post","link":"https:\/\/zsp5.zory.pl\/?p=1508","title":{"rendered":"jad\u0142ospis"},"content":{"rendered":"\n<p> <\/p>\n\n\n\n<figure class=\"wp-block-table\"><table><tbody><tr><td><strong>DATA<\/strong><\/td><td><strong>\u015aNIADANIE<\/strong><\/td><td><strong>OBIAD<\/strong><\/td><td><strong>PODWIECZOREK<\/strong><\/td><\/tr><tr><td><br><br><strong>PONIEDZIA\u0141EK<\/strong><br><strong>19.09.2022<\/strong><strong>&nbsp;&nbsp;&nbsp;<\/strong><\/td><td><br>Chleb z mas\u0142emSzynka wieprzowaPapryka czerwonaSa\u0142ataSzczypior&nbsp;Herbata z cytryn\u0105<\/td><td><br>Zupa grochowaRacuchy z serem bia\u0142ymChipsy owocoweKompot wi\u015bniowy<\/td><td><br>Bu\u0142ka z mas\u0142emSa\u0142atka jarzynowaHerbata&nbsp; truskawkowa<\/td><\/tr><tr><td><strong>ALERGENY<\/strong><\/td><td>mleko, gluten, gorczyca<\/td><td>mleko, gluten, seler, jaja<\/td><td>mleko, jaja, gluten<\/td><\/tr><tr><td><br><strong>WTOREK<\/strong><br><strong>20.09.2022<\/strong><\/td><td><br>Bu\u0142ka z mas\u0142emZupa mleczna z p\u0142atkami kukurydzianymiHerbata z cytryn\u0105.<\/td><td><br>Ros\u00f3\u0142 z makaronem nitkiKotlet mielonyMizeria z og\u00f3rka zielonegoZiemniaki&nbsp;Kompot z porzeczki czarnej<\/td><td><br>Kisiel wi\u015bniowyWafle ry\u017coweHerbata malinowa<\/td><\/tr><tr><td><strong>ALERGENY<\/strong><\/td><td>mleko, gluten, jaja<\/td><td>gluten, seler, mleko, jaja<\/td><td>mleko, jaja, gluten<\/td><\/tr><tr><td><br><strong>\u015aRODA<\/strong><br><strong>21.09.2022<\/strong><br><strong>Szwedzki st\u00f3\u0142 dla dzieci<\/strong><\/td><td><br>Pieczywo mieszane z mas\u0142emSzynka z indykaSerek almettePomidorRzodkiewka&nbsp;Herbata z cytryn\u0105<\/td><td><br>Zupa szpinakowaRisotto z sosem pomidorowymBanan&nbsp;Kompot z porzeczki czerwonej<br><\/td><td><br>Bu\u0142ka jagodziankaHerbata wi\u015bniowa<\/td><\/tr><tr><td><strong>ALERGENY<\/strong><\/td><td>mleko, gluten, jaja, gorczyca<\/td><td>gluten, seler, mleko, jaja<\/td><td>mleko, gluten, jaja<\/td><\/tr><tr><td><br><strong>CZWARTEK<\/strong><br><strong>22.09.2022<\/strong><\/td><td><br>Chleb z mas\u0142emPasta z ryby w\u0119dzonejHerbata z cytryn\u0105<\/td><td><br>Zupa z lanym ciastemFilet z kurczakaSa\u0142atka z kapusty bia\u0142ejZiemniaki&nbsp;Kompot \u015bliwkowy<\/td><td><br>Smoothie ze szpinakiemCiastka s\u0142omka ptysiowaHerbata owoce le\u015bne<\/td><\/tr><tr><td><strong>ALERGENY<\/strong><\/td><td>gluten, jaja, mleko, ryba<\/td><td>gluten, seler, mleko, jaja&nbsp;<\/td><td>mleko, gluten, jaja<\/td><\/tr><tr><td><br><strong>PI\u0104TEK<\/strong><br><strong>23.09.2022<\/strong><\/td><td><br>Pieczywo mieszane z mas\u0142emKie\u0142baski z szynkiKetchup&nbsp;Herbata z cytryn\u0105<\/td><td><br>Zupa jarzynowaKluski na parze z sosem mango &#8211; je\u017cynaArbuz&nbsp;Kompot&nbsp; wieloowocowy<\/td><td><br>Bu\u0142ka grahamka z mas\u0142emSer \u017c\u00f3\u0142tyPomidor&nbsp;Herbata porzeczkowa<\/td><\/tr><tr><td><strong>ALERGENY<\/strong><\/td><td>gluten, mleko, jaja, gorczyca<\/td><td>gluten, seler, mleko, jaja<\/td><td>mleko, gluten, jaja<\/td><\/tr><\/tbody><\/table><\/figure>\n","protected":false},"excerpt":{"rendered":"<p>DATA \u015aNIADANIE OBIAD PODWIECZOREK PONIEDZIA\u0141EK19.09.2022&nbsp;&nbsp;&nbsp; Chleb z mas\u0142emSzynka wieprzowaPapryka czerwonaSa\u0142ataSzczypior&nbsp;Herbata z cytryn\u0105 Zupa grochowaRacuchy z serem bia\u0142ymChipsy owocoweKompot wi\u015bniowy Bu\u0142ka z mas\u0142emSa\u0142atka jarzynowaHerbata&nbsp; truskawkowa ALERGENY mleko, gluten, gorczyca mleko, gluten, seler, jaja mleko, jaja, gluten WTOREK20.09.2022 Bu\u0142ka z mas\u0142emZupa mleczna z p\u0142atkami kukurydzianymiHerbata z cytryn\u0105. Ros\u00f3\u0142 z makaronem nitkiKotlet mielonyMizeria z og\u00f3rka zielonegoZiemniaki&nbsp;Kompot z porzeczki [&hellip;]<\/p>\n","protected":false},"author":10,"featured_media":0,"comment_status":"closed","ping_status":"open","sticky":false,"template":"","format":"standard","meta":{"_et_pb_use_builder":"","_et_pb_old_content":"","_et_gb_content_width":"","footnotes":""},"categories":[1],"tags":[],"class_list":["post-1508","post","type-post","status-publish","format-standard","hentry","category-bez-kategorii"],"_links":{"self":[{"href":"https:\/\/zsp5.zory.pl\/index.php?rest_route=\/wp\/v2\/posts\/1508","targetHints":{"allow":["GET"]}}],"collection":[{"href":"https:\/\/zsp5.zory.pl\/index.php?rest_route=\/wp\/v2\/posts"}],"about":[{"href":"https:\/\/zsp5.zory.pl\/index.php?rest_route=\/wp\/v2\/types\/post"}],"author":[{"embeddable":true,"href":"https:\/\/zsp5.zory.pl\/index.php?rest_route=\/wp\/v2\/users\/10"}],"replies":[{"embeddable":true,"href":"https:\/\/zsp5.zory.pl\/index.php?rest_route=%2Fwp%2Fv2%2Fcomments&post=1508"}],"version-history":[{"count":2,"href":"https:\/\/zsp5.zory.pl\/index.php?rest_route=\/wp\/v2\/posts\/1508\/revisions"}],"predecessor-version":[{"id":1515,"href":"https:\/\/zsp5.zory.pl\/index.php?rest_route=\/wp\/v2\/posts\/1508\/revisions\/1515"}],"wp:attachment":[{"href":"https:\/\/zsp5.zory.pl\/index.php?rest_route=%2Fwp%2Fv2%2Fmedia&parent=1508"}],"wp:term":[{"taxonomy":"category","embeddable":true,"href":"https:\/\/zsp5.zory.pl\/index.php?rest_route=%2Fwp%2Fv2%2Fcategories&post=1508"},{"taxonomy":"post_tag","embeddable":true,"href":"https:\/\/zsp5.zory.pl\/index.php?rest_route=%2Fwp%2Fv2%2Ftags&post=1508"}],"curies":[{"name":"wp","href":"https:\/\/api.w.org\/{rel}","templated":true}]}}