{"id":1396,"date":"2022-08-19T10:07:34","date_gmt":"2022-08-19T08:07:34","guid":{"rendered":"http:\/\/zsp5.zory.pl\/?p=1396"},"modified":"2022-08-25T13:18:17","modified_gmt":"2022-08-25T11:18:17","slug":"zapraszamy-dzieci-i-rodzicow-na-zajecia-miedzykulturowe-poznajmy-sie-blizej-wakacje-w-miescie","status":"publish","type":"post","link":"https:\/\/zsp5.zory.pl\/?p=1396","title":{"rendered":"Zapraszamy dzieci i rodzic\u00f3w na zaj\u0119cia mi\u0119dzykulturowe &#8222;Poznajmy si\u0119 bli\u017cej&#8221; &#8211; Wakacje w mie\u015bcie"},"content":{"rendered":"\n<figure class=\"wp-block-image size-large\"><img loading=\"lazy\" decoding=\"async\" width=\"719\" height=\"1024\" src=\"http:\/\/zsp5.zory.pl\/wp-content\/uploads\/2022\/08\/received_1232782920873640-719x1024.jpeg\" alt=\"\" class=\"wp-image-1397\"\/><\/figure>\n\n\n\n<figure class=\"wp-block-image size-large\"><img loading=\"lazy\" decoding=\"async\" width=\"726\" height=\"1024\" src=\"http:\/\/zsp5.zory.pl\/wp-content\/uploads\/2022\/08\/received_1168982850350703-726x1024.jpeg\" alt=\"Zaproszenie dzieci i rodzic\u00f3w z Polski i Ukrainy na zaj\u0119cia wakacyjne &quot;Poznajmy si\u0119 bli\u017cej&quot; - Wakacje w mie\u015bcie. Zaj\u0119cia w okresie od 19 sierpnia 2022 r. do 30 sierpnia 2022 r.\" class=\"wp-image-1398\"\/><\/figure>\n","protected":false},"excerpt":{"rendered":"<p>Zapraszamy dzieci i rodzic\u00f3w na zaj\u0119cia mi\u0119dzykulturowe &#8222;Poznajmy si\u0119 bli\u017cej&#8221; &#8211; Wakacje w mie\u015bcie &#8211; zaj\u0119cia odbywaj\u0105 si\u0119 w od 19 sierpnia 2022 r. do 30 sierpnia 2022 r.  Zapisy ruszaj\u0105 w dniu 10 sierpnia 2022 r. Zg\u0142oszenia nale\u017cy wysy\u0142a\u0107 na adres e-mail: warsztatyfo@wp.pl. Zapraszamy do zapoznania si\u0119 z programem zaj\u0119\u0107.<\/p>\n","protected":false},"author":2,"featured_media":0,"comment_status":"closed","ping_status":"open","sticky":false,"template":"","format":"standard","meta":{"_et_pb_use_builder":"","_et_pb_old_content":"","_et_gb_content_width":"","footnotes":""},"categories":[2,105],"tags":[103,104,102,101],"class_list":["post-1396","post","type-post","status-publish","format-standard","hentry","category-aktualnosci","category-klasa-1","tag-dla-dzieci-i-rodzicow-z-polski-i-ukrainy","tag-ukraina","tag-wakacje-w-miescie","tag-zaproszenie-na-zajecia"],"_links":{"self":[{"href":"https:\/\/zsp5.zory.pl\/index.php?rest_route=\/wp\/v2\/posts\/1396","targetHints":{"allow":["GET"]}}],"collection":[{"href":"https:\/\/zsp5.zory.pl\/index.php?rest_route=\/wp\/v2\/posts"}],"about":[{"href":"https:\/\/zsp5.zory.pl\/index.php?rest_route=\/wp\/v2\/types\/post"}],"author":[{"embeddable":true,"href":"https:\/\/zsp5.zory.pl\/index.php?rest_route=\/wp\/v2\/users\/2"}],"replies":[{"embeddable":true,"href":"https:\/\/zsp5.zory.pl\/index.php?rest_route=%2Fwp%2Fv2%2Fcomments&post=1396"}],"version-history":[{"count":2,"href":"https:\/\/zsp5.zory.pl\/index.php?rest_route=\/wp\/v2\/posts\/1396\/revisions"}],"predecessor-version":[{"id":1401,"href":"https:\/\/zsp5.zory.pl\/index.php?rest_route=\/wp\/v2\/posts\/1396\/revisions\/1401"}],"wp:attachment":[{"href":"https:\/\/zsp5.zory.pl\/index.php?rest_route=%2Fwp%2Fv2%2Fmedia&parent=1396"}],"wp:term":[{"taxonomy":"category","embeddable":true,"href":"https:\/\/zsp5.zory.pl\/index.php?rest_route=%2Fwp%2Fv2%2Fcategories&post=1396"},{"taxonomy":"post_tag","embeddable":true,"href":"https:\/\/zsp5.zory.pl\/index.php?rest_route=%2Fwp%2Fv2%2Ftags&post=1396"}],"curies":[{"name":"wp","href":"https:\/\/api.w.org\/{rel}","templated":true}]}}