{"id":1262,"date":"2022-08-07T17:58:55","date_gmt":"2022-08-07T15:58:55","guid":{"rendered":"http:\/\/zsp5.zory.pl\/?p=1262"},"modified":"2023-02-13T20:13:24","modified_gmt":"2023-02-13T19:13:24","slug":"spotkania-z-rodzicami","status":"publish","type":"post","link":"https:\/\/zsp5.zory.pl\/?p=1262","title":{"rendered":"Rok szkolny 2022 \/ 2023 &#8211; spotkania z rodzicami, wyprawka, zaj\u0119cia adaptacyjne"},"content":{"rendered":"\n<p>Spotkania z rodzicami przedszkolak\u00f3w przed rozpocz\u0119ciem&nbsp;roku&nbsp;szkolnego&nbsp;2022\/2023<\/p>\n\n\n\n<ul class=\"wp-block-list\"><li><strong>29. sierpnia 2022&nbsp;<\/strong>(poniedzia\u0142ek)&nbsp;<strong>o godz. 16.30 \u2013 GRUPY A, B, C;<\/strong><\/li><li><strong>29. sierpnia 2022<\/strong>&nbsp;(poniedzia\u0142ek)&nbsp;<strong>o godz. 17.00 \u2013 GRUPA D, E.<\/strong><\/li><\/ul>\n\n\n\n<p>Spotkania maj\u0105 charakter organizacyjny (spotkanie z wychowawc\u0105, ustalenia zwi\u0105zane z pocz\u0105tkiem&nbsp;roku).<\/p>\n\n\n\n<p>Informacje dotycz\u0105ce, do kt\u00f3rej grupy b\u0119dzie ucz\u0119szcza\u0107 dziecko zostan\u0105 przekazane rodzicom na zebraniu.<\/p>\n\n\n\n<p>Forma spotkania: on-line czy stacjonarnie, b\u0119dzie zale\u017ce\u0107 od sytuacji epidemicznej w kraju .<br><br>Rozpocz\u0119cie\u00a0roku\u00a0szkolnego\u00a0\u2013 1. wrze\u015bnia 2022 r. Przedszkolaki przychodz\u0105 do przedszkola zgodnie z deklaracjami rodzic\u00f3w ( \u015bniadanie o godz. 8.30).<\/p>\n\n\n\n<p class=\"has-vivid-red-color has-text-color has-medium-font-size\"><strong>Z<\/strong>aj\u0119cia adaptacyjne dla nowoprzyj\u0119tych przedszkolak\u00f3w&nbsp;<strong>odb\u0119d\u0105 si\u0119 30.08.2022 r. o godz. 10.00.<\/strong><\/p>\n\n\n\n<p><strong>W co wyposa\u017cy\u0107 przedszkolaka<\/strong><\/p>\n\n\n\n<p>Przedszkolakowi nale\u017cy przygotowa\u0107:<\/p>\n\n\n\n<ul class=\"wp-block-list\"><li>obuwie zmienne na gumowej podeszwie, \u0142atwe do za\u0142o\u017cenia,<\/li><li>ubrania na zmian\u0119 (spodnie, skarpetki, majtki, rajstopy, koszulka, bluza),<\/li><li>peleryna, kalosze,<\/li><li>chusteczki higieniczne wyci\u0105gane z pude\u0142ka,<\/li><li>dzieci 6 \u2013 letnie: str\u00f3j gimnastyczny \u2013 bia\u0142a koszulka i granatowe spodenki lub getry w podpisanym worku.<\/li><\/ul>\n\n\n\n<p><a><\/a> Wszystkie przybory musz\u0105 by\u0107 podpisane.<\/p>\n\n\n\n<p><strong>Kontakt<\/strong><\/p>\n\n\n\n<p>W przypadku pojawienia si\u0119 jakichkolwiek problem\u00f3w lub pyta\u0144 prosimy o kontakt z sekretariatem ZSP nr 5 w \u017borach (<strong>32) 4353677 wew. 14.<\/strong><\/p>\n","protected":false},"excerpt":{"rendered":"<p>Spotkania z rodzicami przedszkolak\u00f3w przed rozpocz\u0119ciem&nbsp;roku&nbsp;szkolnego&nbsp;2022\/2023 29. sierpnia 2022&nbsp;(poniedzia\u0142ek)&nbsp;o godz. 16.30 \u2013 GRUPY A, B, C; 29. sierpnia 2022&nbsp;(poniedzia\u0142ek)&nbsp;o godz. 17.00 \u2013 GRUPA D, E. Spotkania maj\u0105 charakter organizacyjny (spotkanie z wychowawc\u0105, ustalenia zwi\u0105zane z pocz\u0105tkiem&nbsp;roku). Informacje dotycz\u0105ce, do kt\u00f3rej grupy b\u0119dzie ucz\u0119szcza\u0107 dziecko zostan\u0105 przekazane rodzicom na zebraniu. Forma spotkania: on-line czy stacjonarnie, b\u0119dzie [&hellip;]<\/p>\n","protected":false},"author":2,"featured_media":0,"comment_status":"closed","ping_status":"open","sticky":false,"template":"","format":"standard","meta":{"_et_pb_use_builder":"","_et_pb_old_content":"","_et_gb_content_width":"","footnotes":""},"categories":[2,32,33,34,35,36,37,4,105],"tags":[95,93,96,94],"class_list":["post-1262","post","type-post","status-publish","format-standard","hentry","category-aktualnosci","category-grupa_1","category-grupa_2","category-grupa_3","category-grupa_4","category-grupa_5","category-grupa_6","category-grupy_aktualnosci","category-klasa-1","tag-rozpoczecie-roku-szkolnego-2022","tag-spotkania-z-rodzicami-przedszkolakow","tag-zajecia-adaptacyjne","tag-zebrania-z-rodzicami-przedszkolakow"],"_links":{"self":[{"href":"https:\/\/zsp5.zory.pl\/index.php?rest_route=\/wp\/v2\/posts\/1262","targetHints":{"allow":["GET"]}}],"collection":[{"href":"https:\/\/zsp5.zory.pl\/index.php?rest_route=\/wp\/v2\/posts"}],"about":[{"href":"https:\/\/zsp5.zory.pl\/index.php?rest_route=\/wp\/v2\/types\/post"}],"author":[{"embeddable":true,"href":"https:\/\/zsp5.zory.pl\/index.php?rest_route=\/wp\/v2\/users\/2"}],"replies":[{"embeddable":true,"href":"https:\/\/zsp5.zory.pl\/index.php?rest_route=%2Fwp%2Fv2%2Fcomments&post=1262"}],"version-history":[{"count":2,"href":"https:\/\/zsp5.zory.pl\/index.php?rest_route=\/wp\/v2\/posts\/1262\/revisions"}],"predecessor-version":[{"id":1267,"href":"https:\/\/zsp5.zory.pl\/index.php?rest_route=\/wp\/v2\/posts\/1262\/revisions\/1267"}],"wp:attachment":[{"href":"https:\/\/zsp5.zory.pl\/index.php?rest_route=%2Fwp%2Fv2%2Fmedia&parent=1262"}],"wp:term":[{"taxonomy":"category","embeddable":true,"href":"https:\/\/zsp5.zory.pl\/index.php?rest_route=%2Fwp%2Fv2%2Fcategories&post=1262"},{"taxonomy":"post_tag","embeddable":true,"href":"https:\/\/zsp5.zory.pl\/index.php?rest_route=%2Fwp%2Fv2%2Ftags&post=1262"}],"curies":[{"name":"wp","href":"https:\/\/api.w.org\/{rel}","templated":true}]}}