{"id":1187,"date":"2022-04-21T20:04:57","date_gmt":"2022-04-21T18:04:57","guid":{"rendered":"http:\/\/zsp5.zory.pl\/?p=1187"},"modified":"2023-02-13T20:17:32","modified_gmt":"2023-02-13T19:17:32","slug":"dyzur-wakacyjny-2022","status":"publish","type":"post","link":"https:\/\/zsp5.zory.pl\/?p=1187","title":{"rendered":"Dy\u017cur wakacyjny 2022"},"content":{"rendered":"\n<p>Informuj\u0119, \u017ce Przedszkole nr 12 pe\u0142ni w 2022 roku &nbsp;dy\u017cur wakacyjny wy\u0142\u0105cznie dla wychowank\u00f3w swojego przedszkola w terminie od 18.07.2022 do 28.08.2022 r.<br>Plac\u00f3wka dysponowa\u0107 b\u0119dzie 50 miejscami. Termin naboru: 4. maja (godz. 7.00) &nbsp;&nbsp;\u2013 13. maja (godz. 15.00) 2022 r. <\/p>\n\n\n\n<p class=\"has-vivid-red-color has-text-color\"><strong>O przyj\u0119ciu na dy\u017cur decydowa\u0107 b\u0119dzie kolejno\u015b\u0107 zg\u0142osze\u0144.<\/strong><\/p>\n\n\n\n<p>(aktualizacja)<\/p>\n\n\n\n<p>Na stronie internetowej przedszkola &#8211; w zak\u0142adce DOKUMENTY &#8211; znajduje si\u0119 dokument <a href=\"http:\/\/zsp5.zory.pl\/wp-content\/uploads\/2022\/04\/deklaracja-dyzur-2022.pdf\">DEKLARACJI RODZI\u00d3W DZIECKA, KT\u00d3RE B\u0118DZIE UCZESTNICZY\u0141O W DY\u017bURZE WAKACYJNYM 2022<\/a>. Prosz\u0119 o zapoznanie si\u0119 z tym dokumentem:<\/p>\n\n\n\n<p><\/p>\n","protected":false},"excerpt":{"rendered":"<p>Informuj\u0119, \u017ce Przedszkole nr 12 pe\u0142ni w 2022 roku &nbsp;dy\u017cur wakacyjny wy\u0142\u0105cznie dla wychowank\u00f3w swojego przedszkola w terminie od 18.07.2022 do 28.08.2022 r.Plac\u00f3wka dysponowa\u0107 b\u0119dzie 50 miejscami. Termin naboru: 4. maja (godz. 7.00) &nbsp;&nbsp;\u2013 13. maja (godz. 15.00) 2022 r. O przyj\u0119ciu na dy\u017cur decydowa\u0107 b\u0119dzie kolejno\u015b\u0107 zg\u0142osze\u0144. (aktualizacja) Na stronie internetowej przedszkola &#8211; w [&hellip;]<\/p>\n","protected":false},"author":2,"featured_media":0,"comment_status":"closed","ping_status":"open","sticky":false,"template":"","format":"standard","meta":{"_et_pb_use_builder":"","_et_pb_old_content":"","_et_gb_content_width":"","footnotes":""},"categories":[2,32,33,34,35,36,37],"tags":[],"class_list":["post-1187","post","type-post","status-publish","format-standard","hentry","category-aktualnosci","category-grupa_1","category-grupa_2","category-grupa_3","category-grupa_4","category-grupa_5","category-grupa_6"],"_links":{"self":[{"href":"https:\/\/zsp5.zory.pl\/index.php?rest_route=\/wp\/v2\/posts\/1187","targetHints":{"allow":["GET"]}}],"collection":[{"href":"https:\/\/zsp5.zory.pl\/index.php?rest_route=\/wp\/v2\/posts"}],"about":[{"href":"https:\/\/zsp5.zory.pl\/index.php?rest_route=\/wp\/v2\/types\/post"}],"author":[{"embeddable":true,"href":"https:\/\/zsp5.zory.pl\/index.php?rest_route=\/wp\/v2\/users\/2"}],"replies":[{"embeddable":true,"href":"https:\/\/zsp5.zory.pl\/index.php?rest_route=%2Fwp%2Fv2%2Fcomments&post=1187"}],"version-history":[{"count":2,"href":"https:\/\/zsp5.zory.pl\/index.php?rest_route=\/wp\/v2\/posts\/1187\/revisions"}],"predecessor-version":[{"id":1239,"href":"https:\/\/zsp5.zory.pl\/index.php?rest_route=\/wp\/v2\/posts\/1187\/revisions\/1239"}],"wp:attachment":[{"href":"https:\/\/zsp5.zory.pl\/index.php?rest_route=%2Fwp%2Fv2%2Fmedia&parent=1187"}],"wp:term":[{"taxonomy":"category","embeddable":true,"href":"https:\/\/zsp5.zory.pl\/index.php?rest_route=%2Fwp%2Fv2%2Fcategories&post=1187"},{"taxonomy":"post_tag","embeddable":true,"href":"https:\/\/zsp5.zory.pl\/index.php?rest_route=%2Fwp%2Fv2%2Ftags&post=1187"}],"curies":[{"name":"wp","href":"https:\/\/api.w.org\/{rel}","templated":true}]}}