{"id":1180,"date":"2022-04-07T17:39:10","date_gmt":"2022-04-07T15:39:10","guid":{"rendered":"http:\/\/zsp5.zory.pl\/?p=1180"},"modified":"2022-04-13T19:11:17","modified_gmt":"2022-04-13T17:11:17","slug":"1180","status":"publish","type":"post","link":"https:\/\/zsp5.zory.pl\/?p=1180","title":{"rendered":"Wyrazy wsp\u00f3\u0142czucia z powodu \u015bmierci"},"content":{"rendered":"\n<p>Z g\u0142\u0119bokim \u017calem zawiadamiamy, \u017ce 28 marca 2022 r. zmar\u0142a Pani Irena Kania nauczyciel Szko\u0142y Podstawowej nr 5 w \u017borach, a w okresie od 01.09.1992 r. do 28.12.2006 r. dyrektor plac\u00f3wki.<strong> Pogrzeb odb\u0119dzie si\u0119 9 kwietnia 2022 r. o godz. 12:00 w Kaplicy \u015bw. Miko\u0142aja przy Cmentarzu Parafialnym w \u017borach ul. Nowa 8.<\/strong><\/p>\n","protected":false},"excerpt":{"rendered":"<p>Z g\u0142\u0119bokim \u017calem zawiadamiamy, \u017ce 28 marca 2022 r. zmar\u0142a Pani Irena Kania nauczyciel Szko\u0142y Podstawowej nr 5 w \u017borach, a w okresie od 01.09.1992 r. do 28.12.2006 r. dyrektor plac\u00f3wki. Pogrzeb odb\u0119dzie si\u0119 9 kwietnia 2022 r. o godz. 12:00 w Kaplicy \u015bw. Miko\u0142aja przy Cmentarzu Parafialnym w \u017borach ul. Nowa 8.<\/p>\n","protected":false},"author":2,"featured_media":0,"comment_status":"closed","ping_status":"open","sticky":false,"template":"","format":"standard","meta":{"_et_pb_use_builder":"","_et_pb_old_content":"","_et_gb_content_width":"","footnotes":""},"categories":[2],"tags":[],"class_list":["post-1180","post","type-post","status-publish","format-standard","hentry","category-aktualnosci"],"_links":{"self":[{"href":"https:\/\/zsp5.zory.pl\/index.php?rest_route=\/wp\/v2\/posts\/1180","targetHints":{"allow":["GET"]}}],"collection":[{"href":"https:\/\/zsp5.zory.pl\/index.php?rest_route=\/wp\/v2\/posts"}],"about":[{"href":"https:\/\/zsp5.zory.pl\/index.php?rest_route=\/wp\/v2\/types\/post"}],"author":[{"embeddable":true,"href":"https:\/\/zsp5.zory.pl\/index.php?rest_route=\/wp\/v2\/users\/2"}],"replies":[{"embeddable":true,"href":"https:\/\/zsp5.zory.pl\/index.php?rest_route=%2Fwp%2Fv2%2Fcomments&post=1180"}],"version-history":[{"count":2,"href":"https:\/\/zsp5.zory.pl\/index.php?rest_route=\/wp\/v2\/posts\/1180\/revisions"}],"predecessor-version":[{"id":1183,"href":"https:\/\/zsp5.zory.pl\/index.php?rest_route=\/wp\/v2\/posts\/1180\/revisions\/1183"}],"wp:attachment":[{"href":"https:\/\/zsp5.zory.pl\/index.php?rest_route=%2Fwp%2Fv2%2Fmedia&parent=1180"}],"wp:term":[{"taxonomy":"category","embeddable":true,"href":"https:\/\/zsp5.zory.pl\/index.php?rest_route=%2Fwp%2Fv2%2Fcategories&post=1180"},{"taxonomy":"post_tag","embeddable":true,"href":"https:\/\/zsp5.zory.pl\/index.php?rest_route=%2Fwp%2Fv2%2Ftags&post=1180"}],"curies":[{"name":"wp","href":"https:\/\/api.w.org\/{rel}","templated":true}]}}