{"id":1166,"date":"2022-03-09T09:42:01","date_gmt":"2022-03-09T08:42:01","guid":{"rendered":"http:\/\/zsp5.zory.pl\/?p=1166"},"modified":"2022-03-09T09:42:02","modified_gmt":"2022-03-09T08:42:02","slug":"wirusoochronna","status":"publish","type":"post","link":"https:\/\/zsp5.zory.pl\/?p=1166","title":{"rendered":"\u201eWirusoochronna\u201d"},"content":{"rendered":"<p>W dniu 2. marca 2022 roku dzieci z grup przedszkolnych wzi\u0119\u0142y udzia\u0142 w akcji informacyjno-edukacyjnej zorganizowanej przez WSSE w Katowicach. Akcja odby\u0142a si\u0119 pod has\u0142em: #lekcjaHigieny #wirusoochrona i mia\u0142a na celu wzmocnienie dzia\u0142a\u0144 przeciwepidemicznych<br \/>\npoprzez przeprowadzenie zaj\u0119\u0107 profilaktycznych, przypominaj\u0105cych o przestrzeganiu podstawowych zasad higieny oraz zwr\u00f3cenie uwagi na znacz\u0105c\u0105 rol\u0119 higieny jako podstawowego \u015brodka zapobiegania przenoszenia si\u0119 wirus\u00f3w.<\/p>\n<p>W akcji wzi\u0119\u0142o udzia\u0142 125 przedszkolak\u00f3w ze wszystkich grup. Dzieci aktywnie uczestniczy\u0142y w zaj\u0119ciach m. in.: my\u0142y r\u0119ce, bra\u0142y udzia\u0142 w do\u015bwiadczeniu \u201eJak wirusy uciekaj\u0105 od myd\u0142a?\u201d, rozwi\u0105zywa\u0142y krzy\u017c\u00f3wki, odpowiada\u0142y na pytania dotycz\u0105ce higieny i kolorowa\u0142y kart\u0119 pracy dostarczon\u0105 przez organizatora. Obejrza\u0142y r\u00f3wnie\u017c \u201eBajk\u0119 o wirusie\u201d i \u015bpiewa\u0142y piosenk\u0119 \u201ePrzego\u0144 wirusa\u201d.<\/p>\n<p>Opracowa\u0142a: p. W. Tobiasz<\/p>\n","protected":false},"excerpt":{"rendered":"<p>W dniu 2. marca 2022 roku dzieci z grup przedszkolnych wzi\u0119\u0142y udzia\u0142 w akcji informacyjno-edukacyjnej zorganizowanej przez WSSE w Katowicach. Akcja odby\u0142a si\u0119 pod has\u0142em: #lekcjaHigieny #wirusoochrona i mia\u0142a na celu wzmocnienie dzia\u0142a\u0144 przeciwepidemicznych poprzez przeprowadzenie zaj\u0119\u0107 profilaktycznych, przypominaj\u0105cych o przestrzeganiu podstawowych zasad higieny oraz zwr\u00f3cenie uwagi na znacz\u0105c\u0105 rol\u0119 higieny jako podstawowego \u015brodka zapobiegania [&hellip;]<\/p>\n","protected":false},"author":4,"featured_media":0,"comment_status":"closed","ping_status":"open","sticky":false,"template":"","format":"standard","meta":{"_et_pb_use_builder":"","_et_pb_old_content":"","_et_gb_content_width":"","footnotes":""},"categories":[38],"tags":[],"class_list":["post-1166","post","type-post","status-publish","format-standard","hentry","category-projekty"],"_links":{"self":[{"href":"https:\/\/zsp5.zory.pl\/index.php?rest_route=\/wp\/v2\/posts\/1166","targetHints":{"allow":["GET"]}}],"collection":[{"href":"https:\/\/zsp5.zory.pl\/index.php?rest_route=\/wp\/v2\/posts"}],"about":[{"href":"https:\/\/zsp5.zory.pl\/index.php?rest_route=\/wp\/v2\/types\/post"}],"author":[{"embeddable":true,"href":"https:\/\/zsp5.zory.pl\/index.php?rest_route=\/wp\/v2\/users\/4"}],"replies":[{"embeddable":true,"href":"https:\/\/zsp5.zory.pl\/index.php?rest_route=%2Fwp%2Fv2%2Fcomments&post=1166"}],"version-history":[{"count":1,"href":"https:\/\/zsp5.zory.pl\/index.php?rest_route=\/wp\/v2\/posts\/1166\/revisions"}],"predecessor-version":[{"id":1167,"href":"https:\/\/zsp5.zory.pl\/index.php?rest_route=\/wp\/v2\/posts\/1166\/revisions\/1167"}],"wp:attachment":[{"href":"https:\/\/zsp5.zory.pl\/index.php?rest_route=%2Fwp%2Fv2%2Fmedia&parent=1166"}],"wp:term":[{"taxonomy":"category","embeddable":true,"href":"https:\/\/zsp5.zory.pl\/index.php?rest_route=%2Fwp%2Fv2%2Fcategories&post=1166"},{"taxonomy":"post_tag","embeddable":true,"href":"https:\/\/zsp5.zory.pl\/index.php?rest_route=%2Fwp%2Fv2%2Ftags&post=1166"}],"curies":[{"name":"wp","href":"https:\/\/api.w.org\/{rel}","templated":true}]}}