{"id":1161,"date":"2022-12-28T10:45:39","date_gmt":"2022-12-28T09:45:39","guid":{"rendered":"http:\/\/zsp5.zory.pl\/?p=1161"},"modified":"2023-04-14T15:01:23","modified_gmt":"2023-04-14T13:01:23","slug":"dyzury-wakacyjne-zorskich-przedszkoli-2022","status":"publish","type":"post","link":"https:\/\/zsp5.zory.pl\/?p=1161","title":{"rendered":"DY\u017bURY WAKACYJNE \u017bORSKICH PRZEDSZKOLI 2023"},"content":{"rendered":"\n<p>W 2023 roku \u017corskie przedszkola b\u0119d\u0105 pe\u0142ni\u0142y dy\u017cury wakacyjne w pierwszej kolejno\u015bci dla swoich wychowank\u00f3w.<\/p>\n\n\n\n<p>Zapisy na dy\u017cur wakacyjny odb\u0119d\u0105 si\u0119 w dn. 4 &#8211; 12 maja br. lub do wyczerpania miejsc. <\/p>\n\n\n\n<p>Informacja o sposobie zapis\u00f3w pojawi si\u0119 z odpowiednim wyprzedzeniem.<\/p>\n\n\n\n<p>O przyj\u0119ciu dziecka na dy\u017cur decydowa\u0107 b\u0119dzie kolejno\u015b\u0107 zg\u0142osze\u0144.<\/p>\n\n\n\n<figure class=\"wp-block-table is-style-stripes\"><table><tbody><tr><td><strong><\/strong><\/td><td><strong>PLAC\u00d3WKA<\/strong><\/td><td><strong>TERMIN DY\u017bURU WAKACYJNEGO<\/strong><\/td><td><strong>PRZERWA WAKACYJNA<\/strong><\/td><\/tr><tr><td><strong><\/strong><\/td><td>Przedszkola<\/td><td><strong><\/strong><\/td><td><\/td><\/tr><tr><td>1<\/td><td>Przedszkole nr 5<\/td><td><strong>03.07 &#8211; 11.08.2023<\/strong><\/td><td><strong>14.08 &#8211; 31.08.202<\/strong>3<\/td><\/tr><tr><td>2<\/td><td>Przedszkole nr 13<\/td><td>03.07 &#8211; 11.08.2023<\/td><td>14.08 &#8211; 31.08.2023<\/td><\/tr><tr><td>3<\/td><td>Przedszkole nr 16<\/td><td>03.07 &#8211; 11.08.2023<\/td><td>14.08 &#8211; 31.08.2023<\/td><\/tr><tr><td>4<\/td><td>Przedszkole nr 19<\/td><td>03.07 &#8211; 11.08.2023<\/td><td>14.08 &#8211; 31.08.2023<\/td><\/tr><tr><td>5<\/td><td>Przedszkole nr 22<\/td><td>10.07 &#8211; 18.08.2023<\/td><td>03.07 &#8211; 07.07; 21.08 &#8211; 31.08.2023<\/td><\/tr><tr><td>6<\/td><td>Przedszkole nr 23<\/td><td>03.07 &#8211; 28.07.2023<\/td><td>01.08 &#8211; 31.08.2023<\/td><\/tr><tr><td><\/td><td>Zespo\u0142y Szkolno-Przedszkolne<\/td><td><\/td><td><\/td><\/tr><tr><td>7<\/td><td>Zesp\u00f3\u0142 Szkolno-Przedszkolny nr 1<\/td><td>03.07 &#8211; 14.07; 31.07 &#8211; 25.08.2023<\/td><td>17.07 &#8211; 28.07; 28.08 &#8211; 31.08.2023<\/td><\/tr><tr><td>8<\/td><td><strong>Zesp\u00f3\u0142 Szkolno-Przedszkolny nr 5<\/strong><\/td><td><strong>03.07 &#8211; 11.08.2023<\/strong><\/td><td><strong>14.08 &#8211; 31.08.2023<\/strong><\/td><\/tr><tr><td>9<\/td><td>Zesp\u00f3\u0142 Szkolno-Przedszkolny nr 6<\/td><td>03.07 &#8211; 14.07; 31.07 &#8211; 25.08.2023*<\/td><td>17.07 &#8211; 28.07; 28.08 &#8211; 31.08.2023<\/td><\/tr><tr><td>10<\/td><td>Zesp\u00f3\u0142 Szkolno-Przedszkolny nr 6<\/td><td>03.07 &#8211; 11.08.2023**<\/td><td>14.08 &#8211; 31.08.2023<\/td><\/tr><tr><td>11<\/td><td>Zesp\u00f3\u0142 Szkolno-Przedszkolny nr 7<\/td><td>10.07 &#8211; 18.08.2023<\/td><td>03.07 &#8211; 07.07; 21.08 &#8211; 31.08.2023<\/td><\/tr><tr><td>12<\/td><td>Zesp\u00f3\u0142 Szkolno-Przedszkolny nr 8<\/td><td>10.07 &#8211; 18.08.2023<\/td><td>03.07 &#8211; 07.07; 21.08 &#8211; 31.08.2023<\/td><\/tr><tr><td>13<\/td><td>Zesp\u00f3\u0142 Szkolno-Przedszkolny nr 9<\/td><td>17.07 &#8211; 31.08.2023<\/td><td>03.07 &#8211; 16.07.2023<\/td><\/tr><tr><td>14<\/td><td>Zesp\u00f3\u0142 Szkolno-Przedszkolny nr 11<\/td><td>03.07 &#8211; 11.08.2023<\/td><td>14.08 &#8211; 31.08.2023<\/td><\/tr><\/tbody><\/table><\/figure>\n\n\n<p>UWAGI:<\/p>\n<p><!-- \/wp:post-content --><!-- wp:paragraph --><\/p>\n<p>Przedszkole nr 23 &#8211; planowany remont wind kuchennych<\/p>\n<p><!-- \/wp:paragraph --><!-- wp:paragraph --><\/p>\n<p>Zesp\u00f3\u0142 Szkolno &#8211; Przedszkolny nr 6 &#8211; w zwi\u0105zku z remontem kuchni i jadalni &#8211;<br>3 grupy zaplanowane w ZSP 1*,<\/p>\n<p><!-- \/wp:paragraph --><!-- wp:paragraph --><\/p>\n<p>awaryjnie dodatkowa 4 grupa w ZSP 5**<\/p>\n<p><!-- \/wp:paragraph --><\/p>\n<p><!-- wp:paragraph --><\/p>\n<p><!-- \/wp:paragraph --><\/p>\n<p><!-- wp:paragraph --><\/p>\n<p><a rel=\"noreferrer noopener\" href=\"https:\/\/bip.zory.pl\/?a=33644\" target=\"_blank\"><strong>INFORMACJE NA TEMAT DY\u017bUR\u00d3W WAKACYJNYCH W \u017bORSKICH PRZEDSZKOLACH W LIPCU I SIERPNIU 2023<\/strong><\/a><\/p>\n<p><!-- \/wp:paragraph --><\/p>","protected":false},"excerpt":{"rendered":"<p>W 2023 roku \u017corskie przedszkola b\u0119d\u0105 pe\u0142ni\u0142y dy\u017cury wakacyjne w pierwszej kolejno\u015bci dla swoich wychowank\u00f3w. Zapisy na dy\u017cur wakacyjny odb\u0119d\u0105 si\u0119 w dn. 4 &#8211; 12 maja br. lub do wyczerpania miejsc. Informacja o sposobie zapis\u00f3w pojawi si\u0119 z odpowiednim wyprzedzeniem. O przyj\u0119ciu dziecka na dy\u017cur decydowa\u0107 b\u0119dzie kolejno\u015b\u0107 zg\u0142osze\u0144. PLAC\u00d3WKA TERMIN DY\u017bURU WAKACYJNEGO PRZERWA [&hellip;]<\/p>\n","protected":false},"author":3,"featured_media":0,"comment_status":"closed","ping_status":"open","sticky":false,"template":"","format":"standard","meta":{"_et_pb_use_builder":"","_et_pb_old_content":"","_et_gb_content_width":"","footnotes":""},"categories":[2,261,262,263,264,265,4],"tags":[78,79,80],"class_list":["post-1161","post","type-post","status-publish","format-standard","hentry","category-aktualnosci","category-grupa-a-kotki","category-grupa-b-biedronki","category-grupa-c-zabki","category-grupa-d-smerfy","category-grupa-e-motylki","category-grupy_aktualnosci","tag-dyzury-wakacyjne","tag-przerwa-wakacyjna","tag-wakacje"],"_links":{"self":[{"href":"https:\/\/zsp5.zory.pl\/index.php?rest_route=\/wp\/v2\/posts\/1161","targetHints":{"allow":["GET"]}}],"collection":[{"href":"https:\/\/zsp5.zory.pl\/index.php?rest_route=\/wp\/v2\/posts"}],"about":[{"href":"https:\/\/zsp5.zory.pl\/index.php?rest_route=\/wp\/v2\/types\/post"}],"author":[{"embeddable":true,"href":"https:\/\/zsp5.zory.pl\/index.php?rest_route=\/wp\/v2\/users\/3"}],"replies":[{"embeddable":true,"href":"https:\/\/zsp5.zory.pl\/index.php?rest_route=%2Fwp%2Fv2%2Fcomments&post=1161"}],"version-history":[{"count":4,"href":"https:\/\/zsp5.zory.pl\/index.php?rest_route=\/wp\/v2\/posts\/1161\/revisions"}],"predecessor-version":[{"id":3129,"href":"https:\/\/zsp5.zory.pl\/index.php?rest_route=\/wp\/v2\/posts\/1161\/revisions\/3129"}],"wp:attachment":[{"href":"https:\/\/zsp5.zory.pl\/index.php?rest_route=%2Fwp%2Fv2%2Fmedia&parent=1161"}],"wp:term":[{"taxonomy":"category","embeddable":true,"href":"https:\/\/zsp5.zory.pl\/index.php?rest_route=%2Fwp%2Fv2%2Fcategories&post=1161"},{"taxonomy":"post_tag","embeddable":true,"href":"https:\/\/zsp5.zory.pl\/index.php?rest_route=%2Fwp%2Fv2%2Ftags&post=1161"}],"curies":[{"name":"wp","href":"https:\/\/api.w.org\/{rel}","templated":true}]}}