{"id":1142,"date":"2022-02-03T09:04:48","date_gmt":"2022-02-03T08:04:48","guid":{"rendered":"http:\/\/zsp5.zory.pl\/?p=1142"},"modified":"2022-02-03T09:04:48","modified_gmt":"2022-02-03T08:04:48","slug":"nabor-do-przedszkola-nr-12","status":"publish","type":"post","link":"https:\/\/zsp5.zory.pl\/?p=1142","title":{"rendered":"Nab\u00f3r do PRZEDSZKOLA NR 12 \u00a0"},"content":{"rendered":"<p><strong>przy Zespole Szkolno-Przedszkolnym nr 5 w \u017borach <\/strong><strong>na rok szkolny 2022\/2023 \u2013 kontynuacja<\/p>\n<p><\/strong><\/p>\n<p><strong><u>od 7. 02. 2022 r. godz. 8<sup>00\u00a0<\/sup>do 21. 02. 2022 r. godz. 15<sup>00<\/sup><\/u><\/strong><\/p>\n<p>Rodzice dzieci ucz\u0119szczaj\u0105cych w roku szkolnym 2021\/2022 do przedszkola zobowi\u0105zani s\u0105 do z\u0142o\u017cenia w plac\u00f3wce deklaracji o kontynuowaniu wychowania przedszkolnego lub deklaracji o rezygnacji z kontynuowania wychowania przedszkolnego w Przedszkolu nr 12.<\/p>\n<p>W przypadku\u00a0<strong>niedostarczenia<\/strong>\u00a0w terminie deklaracji o kontynuowaniu wychowania przedszkolnego rodzic dziecka b\u0119dzie musia\u0142 wzi\u0105\u0107 udzia\u0142 w elektronicznej rekrutacji na wolne miejsca w przedszkolu ( na rok 2022\/2023), kt\u00f3ra odb\u0119dzie si\u0119\u00a0 w dniach od 01. &#8211; 15. 03. 2022 r.<\/p>\n<p>Wype\u0142nione zg\u0142oszenia (<strong><em>Deklaracje<\/em><\/strong>) nale\u017cy dostarczy\u0107 do przedszkola\u00a0\u00a0\u00a0\u00a0\u00a0\u00a0\u00a0\u00a0\u00a0\u00a0\u00a0\u00a0\u00a0\u00a0\u00a0\u00a0\u00a0\u00a0\u00a0\u00a0\u00a0\u00a0\u00a0\u00a0\u00a0\u00a0\u00a0 w wyznaczonym terminie i wrzuci\u0107 do oznaczonych pojemnik\u00f3w\u00a0przy wej\u015bciu g\u0142\u00f3wnym do przedszkola.<\/p>\n<p><strong>WA\u017bNE!<\/strong><\/p>\n<p>Nale\u017cy przemy\u015ble\u0107 godziny pobytu dziecka w przedszkolu wskazane w zg\u0142oszeniu (<strong>DEKLARACJI), <\/strong>poniewa\u017c s\u0105 one podstaw\u0105 do zawarcia umowy oraz zatrudnienia pracownik\u00f3w.<\/p>\n<p><strong>Deklaracja o kontynuowaniu wychowania przedszkolnego b\u0119dzie dost\u0119pna od 07.02.20222 w wersji: <\/strong><\/p>\n<ul>\n<li><strong>papierowej \u2013 przy wej\u015bciu g\u0142\u00f3wnym do przedszkola,<\/strong><\/li>\n<li><strong>elektronicznej:<\/strong><\/li>\n<\/ul>\n<p><strong>&#8211; na stronie internetowej przedszkola \u2013 <\/strong><a href=\"http:\/\/www.zsp5.zory.pl\">www.zsp5.zory.pl<\/a><strong>, w zak\u0142adce <em>Dokumenty,<\/em><\/strong><\/p>\n<p><strong>&#8211; na stronie internetowej Urz\u0119du Miasta \u017bory.<\/strong><\/p>\n","protected":false},"excerpt":{"rendered":"<p>przy Zespole Szkolno-Przedszkolnym nr 5 w \u017borach na rok szkolny 2022\/2023 \u2013 kontynuacja od 7. 02. 2022 r. godz. 800\u00a0do 21. 02. 2022 r. godz. 1500 Rodzice dzieci ucz\u0119szczaj\u0105cych w roku szkolnym 2021\/2022 do przedszkola zobowi\u0105zani s\u0105 do z\u0142o\u017cenia w plac\u00f3wce deklaracji o kontynuowaniu wychowania przedszkolnego lub deklaracji o rezygnacji z kontynuowania wychowania przedszkolnego w [&hellip;]<\/p>\n","protected":false},"author":4,"featured_media":0,"comment_status":"closed","ping_status":"open","sticky":false,"template":"","format":"standard","meta":{"_et_pb_use_builder":"","_et_pb_old_content":"","_et_gb_content_width":"","footnotes":""},"categories":[2],"tags":[],"class_list":["post-1142","post","type-post","status-publish","format-standard","hentry","category-aktualnosci"],"_links":{"self":[{"href":"https:\/\/zsp5.zory.pl\/index.php?rest_route=\/wp\/v2\/posts\/1142","targetHints":{"allow":["GET"]}}],"collection":[{"href":"https:\/\/zsp5.zory.pl\/index.php?rest_route=\/wp\/v2\/posts"}],"about":[{"href":"https:\/\/zsp5.zory.pl\/index.php?rest_route=\/wp\/v2\/types\/post"}],"author":[{"embeddable":true,"href":"https:\/\/zsp5.zory.pl\/index.php?rest_route=\/wp\/v2\/users\/4"}],"replies":[{"embeddable":true,"href":"https:\/\/zsp5.zory.pl\/index.php?rest_route=%2Fwp%2Fv2%2Fcomments&post=1142"}],"version-history":[{"count":1,"href":"https:\/\/zsp5.zory.pl\/index.php?rest_route=\/wp\/v2\/posts\/1142\/revisions"}],"predecessor-version":[{"id":1143,"href":"https:\/\/zsp5.zory.pl\/index.php?rest_route=\/wp\/v2\/posts\/1142\/revisions\/1143"}],"wp:attachment":[{"href":"https:\/\/zsp5.zory.pl\/index.php?rest_route=%2Fwp%2Fv2%2Fmedia&parent=1142"}],"wp:term":[{"taxonomy":"category","embeddable":true,"href":"https:\/\/zsp5.zory.pl\/index.php?rest_route=%2Fwp%2Fv2%2Fcategories&post=1142"},{"taxonomy":"post_tag","embeddable":true,"href":"https:\/\/zsp5.zory.pl\/index.php?rest_route=%2Fwp%2Fv2%2Ftags&post=1142"}],"curies":[{"name":"wp","href":"https:\/\/api.w.org\/{rel}","templated":true}]}}