{"id":1087227,"date":"2026-04-27T18:09:54","date_gmt":"2026-04-27T16:09:54","guid":{"rendered":"https:\/\/zsp5.zory.pl\/?p=1087227"},"modified":"2026-04-29T18:11:48","modified_gmt":"2026-04-29T16:11:48","slug":"pokaz-mody-recyklingowej","status":"publish","type":"post","link":"https:\/\/zsp5.zory.pl\/?p=1087227","title":{"rendered":"Pokaz Mody Recyklingowej"},"content":{"rendered":"<div class=\"xdj266r x14z9mp xat24cr x1lziwak x1vvkbs x126k92a\">\n<div dir=\"auto\"><span style=\"color: #000000;\">Z okazji \u015awiatowego Dnia Ziemi w naszym przedszkolu odby\u0142 si\u0119 wyj\u0105tkowy Pokaz Mody Recyklingowej. Dzieci zaprezentowa\u0142y niezwyk\u0142e stroje wykonane z materia\u0142\u00f3w przeznaczonych do ponownego wykorzystania, takich jak papier, kartony, folie czy nakr\u0119tki.<\/span><\/div>\n<\/div>\n<div class=\"x14z9mp xat24cr x1lziwak x1vvkbs xtlvy1s x126k92a\">\n<div dir=\"auto\"><span style=\"color: #000000;\">Mali modele i modelki z dum\u0105 prezentowali swoje kreatywne kreacje na przedszkolnym wybiegu. Wydarzeniu towarzyszy\u0142o wiele rado\u015bci, u\u015bmiechu i \u015bwietnej zabawy.<\/span><\/div>\n<\/div>\n<div class=\"x14z9mp xat24cr x1lziwak x1vvkbs xtlvy1s x126k92a\">\n<div dir=\"auto\"><span style=\"color: #000000;\">Pokaz by\u0142 nie tylko okazj\u0105 do rozwijania wyobra\u017ani i talent\u00f3w plastycznych, ale tak\u017ce cenn\u0105 lekcj\u0105 ekologii. Dzieci dowiedzia\u0142y si\u0119, jak wa\u017cne jest dbanie o \u015brodowisko i nadawanie przedmiotom drugiego \u017cycia.<\/span><\/div>\n<\/div>\n<div class=\"x14z9mp xat24cr x1lziwak x1vvkbs xtlvy1s x126k92a\">\n<div dir=\"auto\"><span style=\"color: #000000;\">Dzi\u0119kujemy dzieciom oraz ich rodzicom za zaanga\u017cowanie oraz przygotowanie wspania\u0142ych stroj\u00f3w!<\/span><\/div>\n<\/div>\n","protected":false},"excerpt":{"rendered":"<p>Z okazji \u015awiatowego Dnia Ziemi w naszym przedszkolu odby\u0142 si\u0119 wyj\u0105tkowy Pokaz Mody Recyklingowej. Dzieci zaprezentowa\u0142y niezwyk\u0142e stroje wykonane z materia\u0142\u00f3w przeznaczonych do ponownego wykorzystania, takich jak papier, kartony, folie czy nakr\u0119tki. Mali modele i modelki z dum\u0105 prezentowali swoje kreatywne kreacje na przedszkolnym wybiegu. Wydarzeniu towarzyszy\u0142o wiele rado\u015bci, u\u015bmiechu i \u015bwietnej zabawy. Pokaz by\u0142 [&hellip;]<\/p>\n","protected":false},"author":11,"featured_media":0,"comment_status":"closed","ping_status":"open","sticky":false,"template":"","format":"standard","meta":{"_et_pb_use_builder":"","_et_pb_old_content":"","_et_gb_content_width":"","footnotes":""},"categories":[4],"tags":[],"class_list":["post-1087227","post","type-post","status-publish","format-standard","hentry","category-grupy_aktualnosci"],"_links":{"self":[{"href":"https:\/\/zsp5.zory.pl\/index.php?rest_route=\/wp\/v2\/posts\/1087227","targetHints":{"allow":["GET"]}}],"collection":[{"href":"https:\/\/zsp5.zory.pl\/index.php?rest_route=\/wp\/v2\/posts"}],"about":[{"href":"https:\/\/zsp5.zory.pl\/index.php?rest_route=\/wp\/v2\/types\/post"}],"author":[{"embeddable":true,"href":"https:\/\/zsp5.zory.pl\/index.php?rest_route=\/wp\/v2\/users\/11"}],"replies":[{"embeddable":true,"href":"https:\/\/zsp5.zory.pl\/index.php?rest_route=%2Fwp%2Fv2%2Fcomments&post=1087227"}],"version-history":[{"count":1,"href":"https:\/\/zsp5.zory.pl\/index.php?rest_route=\/wp\/v2\/posts\/1087227\/revisions"}],"predecessor-version":[{"id":1087228,"href":"https:\/\/zsp5.zory.pl\/index.php?rest_route=\/wp\/v2\/posts\/1087227\/revisions\/1087228"}],"wp:attachment":[{"href":"https:\/\/zsp5.zory.pl\/index.php?rest_route=%2Fwp%2Fv2%2Fmedia&parent=1087227"}],"wp:term":[{"taxonomy":"category","embeddable":true,"href":"https:\/\/zsp5.zory.pl\/index.php?rest_route=%2Fwp%2Fv2%2Fcategories&post=1087227"},{"taxonomy":"post_tag","embeddable":true,"href":"https:\/\/zsp5.zory.pl\/index.php?rest_route=%2Fwp%2Fv2%2Ftags&post=1087227"}],"curies":[{"name":"wp","href":"https:\/\/api.w.org\/{rel}","templated":true}]}}