{"id":1087216,"date":"2026-04-23T10:00:41","date_gmt":"2026-04-23T08:00:41","guid":{"rendered":"https:\/\/zsp5.zory.pl\/?p=1087216"},"modified":"2026-04-27T10:01:56","modified_gmt":"2026-04-27T08:01:56","slug":"szkolenie-dla-rodzicow-przedszkolakow","status":"publish","type":"post","link":"https:\/\/zsp5.zory.pl\/?p=1087216","title":{"rendered":"Szkolenie dla rodzic\u00f3w przedszkolak\u00f3w"},"content":{"rendered":"<div class=\"xdj266r x14z9mp xat24cr x1lziwak x1vvkbs x126k92a\">\n<div dir=\"auto\"><span style=\"color: #000000;\">To by\u0142o naprawd\u0119 warto\u015bciowe spotkanie! Par\u0119 chwil temu zako\u0144czy\u0142o si\u0119 szkolenie dla rodzic\u00f3w przedszkolak\u00f3w dotycz\u0105ce rozwijania kompetencji matematycznych u dzieci, prowadzone przez nauczycielk\u0119 matematyki &#8211; mgr Beat\u0119 Widenk\u0119. Pokaza\u0142o ono, \u017ce matematyka to nie tylko liczby i dzia\u0142ania, ale przede wszystkim logiczne my\u015blenie, dostrzeganie zale\u017cno\u015bci i\u2026 dobra zabawa.<\/span><\/div>\n<\/div>\n<div class=\"x14z9mp xat24cr x1lziwak x1vvkbs xtlvy1s x126k92a\">\n<div dir=\"auto\"><span style=\"color: #000000;\">Rodzice mieli okazj\u0119 dowiedzie\u0107 si\u0119, jak w prosty spos\u00f3b wspiera\u0107 rozw\u00f3j dziecka na co dzie\u0144 &#8211; podczas zabawy, spaceru czy wsp\u00f3lnych obowi\u0105zk\u00f3w. By\u0142o du\u017co praktycznych przyk\u0142ad\u00f3w, inspiruj\u0105cych pomys\u0142\u00f3w i gotowych zabaw, kt\u00f3re mo\u017cna od razu wykorzysta\u0107 w domu.<\/span><\/div>\n<\/div>\n<div class=\"x14z9mp xat24cr x1lziwak x1vvkbs xtlvy1s x126k92a\">\n<div dir=\"auto\"><span style=\"color: #000000;\">Nie zabrak\u0142o te\u017c rozmowy o tym, jak wa\u017cne jest budowanie pozytywnego nastawienia do matematyki ju\u017c od najm\u0142odszych lat oraz jak unika\u0107 najcz\u0119stszych b\u0142\u0119d\u00f3w.<\/span><\/div>\n<\/div>\n<div class=\"x14z9mp xat24cr x1lziwak x1vvkbs xtlvy1s x126k92a\">\n<div dir=\"auto\"><span style=\"color: #000000;\">Dzi\u0119kujemy wszystkim za obecno\u015b\u0107, aktywno\u015b\u0107 i \u015bwietn\u0105 atmosfer\u0119!<\/span><\/div>\n<\/div>\n<div class=\"x14z9mp xat24cr x1lziwak x1vvkbs xtlvy1s x126k92a\">\n<div dir=\"auto\"><span style=\"color: #000000;\">Szkolenie zosta\u0142o zorganizowane w ramach grantu mBanku pt. &#8222;Rosn\u0119 z matematyk\u0105&#8221;.<\/span><\/div>\n<div dir=\"auto\">\n<div id=\"attachment_1086961\" style=\"width: 310px\" class=\"wp-caption alignleft\"><img loading=\"lazy\" decoding=\"async\" aria-describedby=\"caption-attachment-1086961\" class=\"size-medium wp-image-1086961\" src=\"http:\/\/zsp5.zory.pl\/wp-content\/uploads\/2026\/01\/logotyp-Fundacji-mBank-300x86.jpg\" alt=\"\" width=\"300\" height=\"86\" \/><p id=\"caption-attachment-1086961\" class=\"wp-caption-text\">logotyp Fundacji mBank<\/p><\/div>\n<\/div>\n<\/div>\n","protected":false},"excerpt":{"rendered":"<p>To by\u0142o naprawd\u0119 warto\u015bciowe spotkanie! Par\u0119 chwil temu zako\u0144czy\u0142o si\u0119 szkolenie dla rodzic\u00f3w przedszkolak\u00f3w dotycz\u0105ce rozwijania kompetencji matematycznych u dzieci, prowadzone przez nauczycielk\u0119 matematyki &#8211; mgr Beat\u0119 Widenk\u0119. Pokaza\u0142o ono, \u017ce matematyka to nie tylko liczby i dzia\u0142ania, ale przede wszystkim logiczne my\u015blenie, dostrzeganie zale\u017cno\u015bci i\u2026 dobra zabawa. Rodzice mieli okazj\u0119 dowiedzie\u0107 si\u0119, jak w [&hellip;]<\/p>\n","protected":false},"author":11,"featured_media":0,"comment_status":"closed","ping_status":"open","sticky":false,"template":"","format":"standard","meta":{"_et_pb_use_builder":"","_et_pb_old_content":"","_et_gb_content_width":"","footnotes":""},"categories":[4],"tags":[],"class_list":["post-1087216","post","type-post","status-publish","format-standard","hentry","category-grupy_aktualnosci"],"_links":{"self":[{"href":"https:\/\/zsp5.zory.pl\/index.php?rest_route=\/wp\/v2\/posts\/1087216","targetHints":{"allow":["GET"]}}],"collection":[{"href":"https:\/\/zsp5.zory.pl\/index.php?rest_route=\/wp\/v2\/posts"}],"about":[{"href":"https:\/\/zsp5.zory.pl\/index.php?rest_route=\/wp\/v2\/types\/post"}],"author":[{"embeddable":true,"href":"https:\/\/zsp5.zory.pl\/index.php?rest_route=\/wp\/v2\/users\/11"}],"replies":[{"embeddable":true,"href":"https:\/\/zsp5.zory.pl\/index.php?rest_route=%2Fwp%2Fv2%2Fcomments&post=1087216"}],"version-history":[{"count":1,"href":"https:\/\/zsp5.zory.pl\/index.php?rest_route=\/wp\/v2\/posts\/1087216\/revisions"}],"predecessor-version":[{"id":1087217,"href":"https:\/\/zsp5.zory.pl\/index.php?rest_route=\/wp\/v2\/posts\/1087216\/revisions\/1087217"}],"wp:attachment":[{"href":"https:\/\/zsp5.zory.pl\/index.php?rest_route=%2Fwp%2Fv2%2Fmedia&parent=1087216"}],"wp:term":[{"taxonomy":"category","embeddable":true,"href":"https:\/\/zsp5.zory.pl\/index.php?rest_route=%2Fwp%2Fv2%2Fcategories&post=1087216"},{"taxonomy":"post_tag","embeddable":true,"href":"https:\/\/zsp5.zory.pl\/index.php?rest_route=%2Fwp%2Fv2%2Ftags&post=1087216"}],"curies":[{"name":"wp","href":"https:\/\/api.w.org\/{rel}","templated":true}]}}