{"id":1087209,"date":"2026-03-30T09:53:16","date_gmt":"2026-03-30T07:53:16","guid":{"rendered":"https:\/\/zsp5.zory.pl\/?p=1087209"},"modified":"2026-04-27T09:58:21","modified_gmt":"2026-04-27T07:58:21","slug":"frida-rajzuje-zajecia-w-ramach-grantu-mbanku","status":"publish","type":"post","link":"https:\/\/zsp5.zory.pl\/?p=1087209","title":{"rendered":"\u201eFrida rajzuje\u201d &#8211; zaj\u0119cia w ramach grantu mBanku"},"content":{"rendered":"<p><span style=\"color: #000000;\">30.03.2026 r. dzieci z grup &#8222;A\u201d i &#8222;C\u201d uda\u0142y si\u0119 do baranowickiego pa\u0142acu, gdzie wzi\u0119\u0142y udzia\u0142 w zaj\u0119ciach matematycznych pt. \u201eFrida rajzuje\u201d. Podczas spotkania dzieci mia\u0142y okazj\u0119 rozwija\u0107 swoje umiej\u0119tno\u015bci liczenia, logicznego my\u015blenia oraz wsp\u00f3\u0142pracy w grupie poprzez r\u00f3\u017cnorodne, atrakcyjne formy aktywno\u015bci. Dzieci ch\u0119tnie bra\u0142y udzia\u0142 w proponowanych zadaniach, wykazuj\u0105c si\u0119 du\u017c\u0105 ciekawo\u015bci\u0105 i kreatywno\u015bci\u0105. Zaj\u0119cia zosta\u0142y sfinansowane z grantu mBanku pt. &#8222;Rosn\u0119 z matematyk\u0105&#8221;.<\/span><\/p>\n<div id=\"attachment_1086961\" style=\"width: 310px\" class=\"wp-caption alignleft\"><img loading=\"lazy\" decoding=\"async\" aria-describedby=\"caption-attachment-1086961\" class=\"size-medium wp-image-1086961\" src=\"http:\/\/zsp5.zory.pl\/wp-content\/uploads\/2026\/01\/logotyp-Fundacji-mBank-300x86.jpg\" alt=\"\" width=\"300\" height=\"86\" \/><p id=\"caption-attachment-1086961\" class=\"wp-caption-text\"><span style=\"color: #000000;\">logotyp Fundacji mBank<\/span><\/p><\/div>\n","protected":false},"excerpt":{"rendered":"<p>30.03.2026 r. dzieci z grup &#8222;A\u201d i &#8222;C\u201d uda\u0142y si\u0119 do baranowickiego pa\u0142acu, gdzie wzi\u0119\u0142y udzia\u0142 w zaj\u0119ciach matematycznych pt. \u201eFrida rajzuje\u201d. Podczas spotkania dzieci mia\u0142y okazj\u0119 rozwija\u0107 swoje umiej\u0119tno\u015bci liczenia, logicznego my\u015blenia oraz wsp\u00f3\u0142pracy w grupie poprzez r\u00f3\u017cnorodne, atrakcyjne formy aktywno\u015bci. Dzieci ch\u0119tnie bra\u0142y udzia\u0142 w proponowanych zadaniach, wykazuj\u0105c si\u0119 du\u017c\u0105 ciekawo\u015bci\u0105 i kreatywno\u015bci\u0105. [&hellip;]<\/p>\n","protected":false},"author":11,"featured_media":0,"comment_status":"closed","ping_status":"open","sticky":false,"template":"","format":"standard","meta":{"_et_pb_use_builder":"","_et_pb_old_content":"","_et_gb_content_width":"","footnotes":""},"categories":[4],"tags":[],"class_list":["post-1087209","post","type-post","status-publish","format-standard","hentry","category-grupy_aktualnosci"],"_links":{"self":[{"href":"https:\/\/zsp5.zory.pl\/index.php?rest_route=\/wp\/v2\/posts\/1087209","targetHints":{"allow":["GET"]}}],"collection":[{"href":"https:\/\/zsp5.zory.pl\/index.php?rest_route=\/wp\/v2\/posts"}],"about":[{"href":"https:\/\/zsp5.zory.pl\/index.php?rest_route=\/wp\/v2\/types\/post"}],"author":[{"embeddable":true,"href":"https:\/\/zsp5.zory.pl\/index.php?rest_route=\/wp\/v2\/users\/11"}],"replies":[{"embeddable":true,"href":"https:\/\/zsp5.zory.pl\/index.php?rest_route=%2Fwp%2Fv2%2Fcomments&post=1087209"}],"version-history":[{"count":1,"href":"https:\/\/zsp5.zory.pl\/index.php?rest_route=\/wp\/v2\/posts\/1087209\/revisions"}],"predecessor-version":[{"id":1087210,"href":"https:\/\/zsp5.zory.pl\/index.php?rest_route=\/wp\/v2\/posts\/1087209\/revisions\/1087210"}],"wp:attachment":[{"href":"https:\/\/zsp5.zory.pl\/index.php?rest_route=%2Fwp%2Fv2%2Fmedia&parent=1087209"}],"wp:term":[{"taxonomy":"category","embeddable":true,"href":"https:\/\/zsp5.zory.pl\/index.php?rest_route=%2Fwp%2Fv2%2Fcategories&post=1087209"},{"taxonomy":"post_tag","embeddable":true,"href":"https:\/\/zsp5.zory.pl\/index.php?rest_route=%2Fwp%2Fv2%2Ftags&post=1087209"}],"curies":[{"name":"wp","href":"https:\/\/api.w.org\/{rel}","templated":true}]}}