{"id":1087156,"date":"2026-03-20T12:34:31","date_gmt":"2026-03-20T11:34:31","guid":{"rendered":"https:\/\/zsp5.zory.pl\/?p=1087156"},"modified":"2026-03-25T12:38:09","modified_gmt":"2026-03-25T11:38:09","slug":"wielkanocne-ozdoby","status":"publish","type":"post","link":"https:\/\/zsp5.zory.pl\/?p=1087156","title":{"rendered":"\u201eWielkanocne ozdoby\u201d"},"content":{"rendered":"<div class=\"xdj266r x14z9mp xat24cr x1lziwak x1vvkbs x126k92a\">\n<div dir=\"auto\"><span style=\"color: #000000;\">18.03.2026 r. w naszym przedszkolu rozstrzygni\u0119to konkurs \u201eWielkanocne ozdoby\u201d. Wszystkie prace zosta\u0142y przekazane na kiermasz wielkanocny. Wp\u0142yn\u0119\u0142o mn\u00f3stwo przepi\u0119knych, kreatywnych prac. Uczestnicy konkursu otrzymali dyplomy oraz upominki ufundowane przez Rad\u0119 Rodzic\u00f3w &#8211; serdecznie dzi\u0119kujemy za wsparcie i zaanga\u017cowanie.<\/span><\/div>\n<\/div>\n<div class=\"x14z9mp xat24cr x1lziwak x1vvkbs xtlvy1s x126k92a\">\n<div dir=\"auto\"><span style=\"color: #000000;\">Doch\u00f3d z kiermaszu wielkanocnego zostanie przekazany Radzie Rodzic\u00f3w i przeznaczony na potrzeby naszych dzieci .<\/span><\/div>\n<\/div>\n<div class=\"x14z9mp xat24cr x1lziwak x1vvkbs xtlvy1s x126k92a\">\n<div dir=\"auto\"><span style=\"color: #000000;\">Gratulujemy wszystkim ma\u0142ym artystom .<\/span><\/div>\n<\/div>\n","protected":false},"excerpt":{"rendered":"<p>18.03.2026 r. w naszym przedszkolu rozstrzygni\u0119to konkurs \u201eWielkanocne ozdoby\u201d. Wszystkie prace zosta\u0142y przekazane na kiermasz wielkanocny. Wp\u0142yn\u0119\u0142o mn\u00f3stwo przepi\u0119knych, kreatywnych prac. Uczestnicy konkursu otrzymali dyplomy oraz upominki ufundowane przez Rad\u0119 Rodzic\u00f3w &#8211; serdecznie dzi\u0119kujemy za wsparcie i zaanga\u017cowanie. Doch\u00f3d z kiermaszu wielkanocnego zostanie przekazany Radzie Rodzic\u00f3w i przeznaczony na potrzeby naszych dzieci . Gratulujemy wszystkim [&hellip;]<\/p>\n","protected":false},"author":11,"featured_media":0,"comment_status":"closed","ping_status":"open","sticky":false,"template":"","format":"standard","meta":{"_et_pb_use_builder":"","_et_pb_old_content":"","_et_gb_content_width":"","footnotes":""},"categories":[4],"tags":[],"class_list":["post-1087156","post","type-post","status-publish","format-standard","hentry","category-grupy_aktualnosci"],"_links":{"self":[{"href":"https:\/\/zsp5.zory.pl\/index.php?rest_route=\/wp\/v2\/posts\/1087156","targetHints":{"allow":["GET"]}}],"collection":[{"href":"https:\/\/zsp5.zory.pl\/index.php?rest_route=\/wp\/v2\/posts"}],"about":[{"href":"https:\/\/zsp5.zory.pl\/index.php?rest_route=\/wp\/v2\/types\/post"}],"author":[{"embeddable":true,"href":"https:\/\/zsp5.zory.pl\/index.php?rest_route=\/wp\/v2\/users\/11"}],"replies":[{"embeddable":true,"href":"https:\/\/zsp5.zory.pl\/index.php?rest_route=%2Fwp%2Fv2%2Fcomments&post=1087156"}],"version-history":[{"count":1,"href":"https:\/\/zsp5.zory.pl\/index.php?rest_route=\/wp\/v2\/posts\/1087156\/revisions"}],"predecessor-version":[{"id":1087157,"href":"https:\/\/zsp5.zory.pl\/index.php?rest_route=\/wp\/v2\/posts\/1087156\/revisions\/1087157"}],"wp:attachment":[{"href":"https:\/\/zsp5.zory.pl\/index.php?rest_route=%2Fwp%2Fv2%2Fmedia&parent=1087156"}],"wp:term":[{"taxonomy":"category","embeddable":true,"href":"https:\/\/zsp5.zory.pl\/index.php?rest_route=%2Fwp%2Fv2%2Fcategories&post=1087156"},{"taxonomy":"post_tag","embeddable":true,"href":"https:\/\/zsp5.zory.pl\/index.php?rest_route=%2Fwp%2Fv2%2Ftags&post=1087156"}],"curies":[{"name":"wp","href":"https:\/\/api.w.org\/{rel}","templated":true}]}}