{"id":1087121,"date":"2026-02-13T12:05:45","date_gmt":"2026-02-13T11:05:45","guid":{"rendered":"https:\/\/zsp5.zory.pl\/?p=1087121"},"modified":"2026-03-16T12:13:01","modified_gmt":"2026-03-16T11:13:01","slug":"walentynki-3","status":"publish","type":"post","link":"https:\/\/zsp5.zory.pl\/?p=1087121","title":{"rendered":"Walentynki"},"content":{"rendered":"<div class=\"xdj266r x14z9mp xat24cr x1lziwak x1vvkbs x126k92a\">\n<div dir=\"auto\"><span style=\"color: #000000;\">Dzi\u015b w naszym przedszkolu zrobi\u0142o si\u0119 wyj\u0105tkowo ciep\u0142o i bardzo serdecznie! \u015awi\u0119towali\u015bmy Walentynki, kt\u00f3re po\u015bwi\u0119cone by\u0142y tematowi \u017cyczliwo\u015bci.<\/span><\/div>\n<\/div>\n<div class=\"x14z9mp xat24cr x1lziwak x1vvkbs xtlvy1s x126k92a\">\n<div dir=\"auto\"><span style=\"color: #000000;\">Podczas zaj\u0119\u0107 rozmawiali\u015bmy o tym, czym jest dobro\u0107, jak okazywa\u0107 sympati\u0119 kolegom i kole\u017cankom oraz dlaczego warto m\u00f3wi\u0107 mi\u0142e s\u0142owa ka\u017cdego dnia &#8211; nie tylko od \u015bwi\u0119ta. Dzieci bra\u0142y udzia\u0142 w zabawach integracyjnych, tworzy\u0142y walentynkowe prace plastyczne i uczy\u0142y si\u0119, jak ma\u0142e gesty mog\u0105 sprawi\u0107 komu\u015b wielk\u0105 rado\u015b\u0107.<\/span><\/div>\n<\/div>\n<div class=\"x14z9mp xat24cr x1lziwak x1vvkbs xtlvy1s x126k92a\">\n<div dir=\"auto\"><span style=\"color: #000000;\">Ogromn\u0105 atrakcj\u0105 by\u0142a mo\u017cliwo\u015b\u0107 wykonania pami\u0105tkowych zdj\u0119\u0107 przy walentynkowej \u015bciance. Serdecznie dzi\u0119kujemy Szkolnemu Samorz\u0105dowi Uczniowskiemu z <span class=\"html-span xdj266r x14z9mp xat24cr x1lziwak xexx8yu xyri2b x18d9i69 x1c1uobl x1hl2dhg x16tdsg8 x1vvkbs\"><a class=\"x1i10hfl xjbqb8w x1ejq31n x18oe1m7 x1sy0etr xstzfhl x972fbf x10w94by x1qhh985 x14e42zd x9f619 x1ypdohk xt0psk2 x3ct3a4 xdj266r x14z9mp xat24cr x1lziwak xexx8yu xyri2b x18d9i69 x1c1uobl x16tdsg8 x1hl2dhg xggy1nq x1a2a7pz xkrqix3 x1sur9pj x1fey0fg x1s688f\" style=\"color: #000000;\" tabindex=\"0\" role=\"link\" href=\"https:\/\/www.facebook.com\/profile.php?id=100085906780262&amp;__cft__[0]=AZaeWOb03XwedmZ3mhaZTeXZugIcdANjBYjpnIm8OLbSQDLE2Sq8YIgWPgANQcnnkvy7OaeDPx8CKhFAWG2U7-2t6Vsvz1N-fx0Zynm_eCCi8mDb0NEkZ_Vq1HV-XqB8reGWChZVYXNAFI-hBovLmXYhDONHauAnFNH6plx-tu0Wo_Anv93d8LAsEhHws_SuWxo9PJCoRZE0ANAIoDK6_F4_&amp;__tn__=-]K-R\"><span class=\"xt0psk2\"><span class=\"xjp7ctv\">Zespo\u0142u Szkolno-Przedszkolnego nr 5 w \u017borach<\/span><\/span><\/a><\/span> za \u017cyczliwo\u015b\u0107 oraz udost\u0119pnienie \u015bcianki do zdj\u0119\u0107. Dzi\u0119ki Wam ten dzie\u0144 by\u0142 jeszcze bardziej wyj\u0105tkowy!<\/span><\/div>\n<\/div>\n","protected":false},"excerpt":{"rendered":"<p>Dzi\u015b w naszym przedszkolu zrobi\u0142o si\u0119 wyj\u0105tkowo ciep\u0142o i bardzo serdecznie! \u015awi\u0119towali\u015bmy Walentynki, kt\u00f3re po\u015bwi\u0119cone by\u0142y tematowi \u017cyczliwo\u015bci. Podczas zaj\u0119\u0107 rozmawiali\u015bmy o tym, czym jest dobro\u0107, jak okazywa\u0107 sympati\u0119 kolegom i kole\u017cankom oraz dlaczego warto m\u00f3wi\u0107 mi\u0142e s\u0142owa ka\u017cdego dnia &#8211; nie tylko od \u015bwi\u0119ta. Dzieci bra\u0142y udzia\u0142 w zabawach integracyjnych, tworzy\u0142y walentynkowe prace plastyczne [&hellip;]<\/p>\n","protected":false},"author":11,"featured_media":0,"comment_status":"closed","ping_status":"open","sticky":false,"template":"","format":"standard","meta":{"_et_pb_use_builder":"","_et_pb_old_content":"","_et_gb_content_width":"","footnotes":""},"categories":[4],"tags":[],"class_list":["post-1087121","post","type-post","status-publish","format-standard","hentry","category-grupy_aktualnosci"],"_links":{"self":[{"href":"https:\/\/zsp5.zory.pl\/index.php?rest_route=\/wp\/v2\/posts\/1087121","targetHints":{"allow":["GET"]}}],"collection":[{"href":"https:\/\/zsp5.zory.pl\/index.php?rest_route=\/wp\/v2\/posts"}],"about":[{"href":"https:\/\/zsp5.zory.pl\/index.php?rest_route=\/wp\/v2\/types\/post"}],"author":[{"embeddable":true,"href":"https:\/\/zsp5.zory.pl\/index.php?rest_route=\/wp\/v2\/users\/11"}],"replies":[{"embeddable":true,"href":"https:\/\/zsp5.zory.pl\/index.php?rest_route=%2Fwp%2Fv2%2Fcomments&post=1087121"}],"version-history":[{"count":1,"href":"https:\/\/zsp5.zory.pl\/index.php?rest_route=\/wp\/v2\/posts\/1087121\/revisions"}],"predecessor-version":[{"id":1087122,"href":"https:\/\/zsp5.zory.pl\/index.php?rest_route=\/wp\/v2\/posts\/1087121\/revisions\/1087122"}],"wp:attachment":[{"href":"https:\/\/zsp5.zory.pl\/index.php?rest_route=%2Fwp%2Fv2%2Fmedia&parent=1087121"}],"wp:term":[{"taxonomy":"category","embeddable":true,"href":"https:\/\/zsp5.zory.pl\/index.php?rest_route=%2Fwp%2Fv2%2Fcategories&post=1087121"},{"taxonomy":"post_tag","embeddable":true,"href":"https:\/\/zsp5.zory.pl\/index.php?rest_route=%2Fwp%2Fv2%2Ftags&post=1087121"}],"curies":[{"name":"wp","href":"https:\/\/api.w.org\/{rel}","templated":true}]}}