{"id":1087119,"date":"2026-02-12T12:05:32","date_gmt":"2026-02-12T11:05:32","guid":{"rendered":"https:\/\/zsp5.zory.pl\/?p=1087119"},"modified":"2026-03-16T12:12:20","modified_gmt":"2026-03-16T11:12:20","slug":"tlusty-czwartek-w-przedszkolu","status":"publish","type":"post","link":"https:\/\/zsp5.zory.pl\/?p=1087119","title":{"rendered":"T\u0142usty czwartek w przedszkolu"},"content":{"rendered":"<p><span style=\"color: #000000;\">Dzi\u015b w naszym przedszkolu by\u0142o wyj\u0105tkowo s\u0142odko i rado\u015bnie! Z okazji T\u0142ustego Czwartku dzieci pozna\u0142y tradycj\u0119 tego dnia, dowiedzia\u0142y si\u0119 sk\u0105d wzi\u0119\u0142y si\u0119 p\u0105czki i faworki. Nie zabrak\u0142o u\u015bmiech\u00f3w i rozm\u00f3w o ulubionych nadzieniach. Przedszkolaki wykona\u0142y r\u00f3wnie\u017c &#8222;p\u0105czkowe&#8221; prace plastyczne. A na podwieczorek? Oczywi\u015bcie p\u0105czek! Bo przecie\u017c w T\u0142usty Czwartek kalorii nie liczymy!<\/span><\/p>\n","protected":false},"excerpt":{"rendered":"<p>Dzi\u015b w naszym przedszkolu by\u0142o wyj\u0105tkowo s\u0142odko i rado\u015bnie! Z okazji T\u0142ustego Czwartku dzieci pozna\u0142y tradycj\u0119 tego dnia, dowiedzia\u0142y si\u0119 sk\u0105d wzi\u0119\u0142y si\u0119 p\u0105czki i faworki. Nie zabrak\u0142o u\u015bmiech\u00f3w i rozm\u00f3w o ulubionych nadzieniach. Przedszkolaki wykona\u0142y r\u00f3wnie\u017c &#8222;p\u0105czkowe&#8221; prace plastyczne. A na podwieczorek? Oczywi\u015bcie p\u0105czek! Bo przecie\u017c w T\u0142usty Czwartek kalorii nie liczymy!<\/p>\n","protected":false},"author":11,"featured_media":0,"comment_status":"closed","ping_status":"open","sticky":false,"template":"","format":"standard","meta":{"_et_pb_use_builder":"","_et_pb_old_content":"","_et_gb_content_width":"","footnotes":""},"categories":[4],"tags":[],"class_list":["post-1087119","post","type-post","status-publish","format-standard","hentry","category-grupy_aktualnosci"],"_links":{"self":[{"href":"https:\/\/zsp5.zory.pl\/index.php?rest_route=\/wp\/v2\/posts\/1087119","targetHints":{"allow":["GET"]}}],"collection":[{"href":"https:\/\/zsp5.zory.pl\/index.php?rest_route=\/wp\/v2\/posts"}],"about":[{"href":"https:\/\/zsp5.zory.pl\/index.php?rest_route=\/wp\/v2\/types\/post"}],"author":[{"embeddable":true,"href":"https:\/\/zsp5.zory.pl\/index.php?rest_route=\/wp\/v2\/users\/11"}],"replies":[{"embeddable":true,"href":"https:\/\/zsp5.zory.pl\/index.php?rest_route=%2Fwp%2Fv2%2Fcomments&post=1087119"}],"version-history":[{"count":1,"href":"https:\/\/zsp5.zory.pl\/index.php?rest_route=\/wp\/v2\/posts\/1087119\/revisions"}],"predecessor-version":[{"id":1087120,"href":"https:\/\/zsp5.zory.pl\/index.php?rest_route=\/wp\/v2\/posts\/1087119\/revisions\/1087120"}],"wp:attachment":[{"href":"https:\/\/zsp5.zory.pl\/index.php?rest_route=%2Fwp%2Fv2%2Fmedia&parent=1087119"}],"wp:term":[{"taxonomy":"category","embeddable":true,"href":"https:\/\/zsp5.zory.pl\/index.php?rest_route=%2Fwp%2Fv2%2Fcategories&post=1087119"},{"taxonomy":"post_tag","embeddable":true,"href":"https:\/\/zsp5.zory.pl\/index.php?rest_route=%2Fwp%2Fv2%2Ftags&post=1087119"}],"curies":[{"name":"wp","href":"https:\/\/api.w.org\/{rel}","templated":true}]}}