{"id":1087117,"date":"2026-02-11T12:04:33","date_gmt":"2026-02-11T11:04:33","guid":{"rendered":"https:\/\/zsp5.zory.pl\/?p=1087117"},"modified":"2026-03-16T12:13:56","modified_gmt":"2026-03-16T11:13:56","slug":"przedszkolny-konkurs-zimowej-piosenki","status":"publish","type":"post","link":"https:\/\/zsp5.zory.pl\/?p=1087117","title":{"rendered":"Przedszkolny Konkurs Zimowej Piosenki."},"content":{"rendered":"<p><span style=\"color: #000000;\">11.02.2026 r. odby\u0142 si\u0119 Przedszkolny Konkurs Zimowej Piosenki. Dzieci z du\u017cym zaanga\u017cowaniem prezentowa\u0142y swoje utwory i pi\u0119knie wyst\u0105pi\u0142y przed publiczno\u015bci\u0105. Wszyscy uczestnicy spisali si\u0119 bardzo dobrze &#8211; ka\u017cdy wyst\u0119p zosta\u0142 nagrodzony brawami. Dzi\u0119kujemy dzieciom za przygotowanie, a rodzicom za wsparcie i pomoc.<\/span><\/p>\n","protected":false},"excerpt":{"rendered":"<p>11.02.2026 r. odby\u0142 si\u0119 Przedszkolny Konkurs Zimowej Piosenki. Dzieci z du\u017cym zaanga\u017cowaniem prezentowa\u0142y swoje utwory i pi\u0119knie wyst\u0105pi\u0142y przed publiczno\u015bci\u0105. Wszyscy uczestnicy spisali si\u0119 bardzo dobrze &#8211; ka\u017cdy wyst\u0119p zosta\u0142 nagrodzony brawami. Dzi\u0119kujemy dzieciom za przygotowanie, a rodzicom za wsparcie i pomoc.<\/p>\n","protected":false},"author":11,"featured_media":0,"comment_status":"closed","ping_status":"open","sticky":false,"template":"","format":"standard","meta":{"_et_pb_use_builder":"","_et_pb_old_content":"","_et_gb_content_width":"","footnotes":""},"categories":[4],"tags":[],"class_list":["post-1087117","post","type-post","status-publish","format-standard","hentry","category-grupy_aktualnosci"],"_links":{"self":[{"href":"https:\/\/zsp5.zory.pl\/index.php?rest_route=\/wp\/v2\/posts\/1087117","targetHints":{"allow":["GET"]}}],"collection":[{"href":"https:\/\/zsp5.zory.pl\/index.php?rest_route=\/wp\/v2\/posts"}],"about":[{"href":"https:\/\/zsp5.zory.pl\/index.php?rest_route=\/wp\/v2\/types\/post"}],"author":[{"embeddable":true,"href":"https:\/\/zsp5.zory.pl\/index.php?rest_route=\/wp\/v2\/users\/11"}],"replies":[{"embeddable":true,"href":"https:\/\/zsp5.zory.pl\/index.php?rest_route=%2Fwp%2Fv2%2Fcomments&post=1087117"}],"version-history":[{"count":1,"href":"https:\/\/zsp5.zory.pl\/index.php?rest_route=\/wp\/v2\/posts\/1087117\/revisions"}],"predecessor-version":[{"id":1087118,"href":"https:\/\/zsp5.zory.pl\/index.php?rest_route=\/wp\/v2\/posts\/1087117\/revisions\/1087118"}],"wp:attachment":[{"href":"https:\/\/zsp5.zory.pl\/index.php?rest_route=%2Fwp%2Fv2%2Fmedia&parent=1087117"}],"wp:term":[{"taxonomy":"category","embeddable":true,"href":"https:\/\/zsp5.zory.pl\/index.php?rest_route=%2Fwp%2Fv2%2Fcategories&post=1087117"},{"taxonomy":"post_tag","embeddable":true,"href":"https:\/\/zsp5.zory.pl\/index.php?rest_route=%2Fwp%2Fv2%2Ftags&post=1087117"}],"curies":[{"name":"wp","href":"https:\/\/api.w.org\/{rel}","templated":true}]}}