{"id":1087109,"date":"2026-02-01T12:01:02","date_gmt":"2026-02-01T11:01:02","guid":{"rendered":"https:\/\/zsp5.zory.pl\/?p=1087109"},"modified":"2026-03-16T12:14:21","modified_gmt":"2026-03-16T11:14:21","slug":"bal-karnawalowy-w-przedszkolu-2","status":"publish","type":"post","link":"https:\/\/zsp5.zory.pl\/?p=1087109","title":{"rendered":"Bal karnawa\u0142owy w przedszkolu"},"content":{"rendered":"<div class=\"xdj266r x14z9mp xat24cr x1lziwak x1vvkbs x126k92a\">\n<div dir=\"auto\"><span style=\"color: #000000;\">30.01.2026 r. odby\u0142 si\u0119 bal karnawa\u0142owy, kt\u00f3ry na ten wyj\u0105tkowy dzie\u0144 zago\u015bci\u0142 w \u015bwietlicy szkolnej. Ju\u017c od samego rana da\u0142o si\u0119 wyczu\u0107 podekscytowanie \u2013 sale wype\u0142ni\u0142y si\u0119 kolorami, muzyk\u0105 i u\u015bmiechami dzieci przebranych w bajkowe, fantastyczne i bardzo pomys\u0142owe stroje.<\/span><\/div>\n<\/div>\n<div class=\"x14z9mp xat24cr x1lziwak x1vvkbs xtlvy1s x126k92a\">\n<div dir=\"auto\"><span style=\"color: #000000;\">Bal poprowadzi\u0142y energiczne animatorki, kt\u00f3re zadba\u0142y o \u015bwietn\u0105 atmosfer\u0119 i mn\u00f3stwo atrakcji. By\u0142y wsp\u00f3lne ta\u0144ce, zabawy ruchowe, konkursy i animacje. Rado\u015b\u0107, \u015bmiech i spontaniczna zabawa towarzyszy\u0142y dzieciom przez ca\u0142y czas trwania balu.<\/span><\/div>\n<\/div>\n<div class=\"x14z9mp xat24cr x1lziwak x1vvkbs xtlvy1s x126k92a\">\n<div dir=\"auto\"><span style=\"color: #000000;\">Dodatkow\u0105 atrakcj\u0105 by\u0142 fotograf, kt\u00f3ry uwiecznia\u0142 te wyj\u0105tkowe chwile, wykonuj\u0105c dzieciom pami\u0105tkowe zdj\u0119cia w karnawa\u0142owych strojach.<\/span><\/div>\n<\/div>\n<div class=\"x14z9mp xat24cr x1lziwak x1vvkbs xtlvy1s x126k92a\">\n<div dir=\"auto\"><span style=\"color: #000000;\">Bal karnawa\u0142owy by\u0142 pe\u0142en pozytywnej energii, integracji i dobrej zabawy. To by\u0142 dzie\u0144, kt\u00f3ry na d\u0142ugo zapadnie w pami\u0119ci dzieci \u2013 pe\u0142en magii, kolor\u00f3w i beztroskiej rado\u015bci.<\/span><\/div>\n<\/div>\n","protected":false},"excerpt":{"rendered":"<p>30.01.2026 r. odby\u0142 si\u0119 bal karnawa\u0142owy, kt\u00f3ry na ten wyj\u0105tkowy dzie\u0144 zago\u015bci\u0142 w \u015bwietlicy szkolnej. Ju\u017c od samego rana da\u0142o si\u0119 wyczu\u0107 podekscytowanie \u2013 sale wype\u0142ni\u0142y si\u0119 kolorami, muzyk\u0105 i u\u015bmiechami dzieci przebranych w bajkowe, fantastyczne i bardzo pomys\u0142owe stroje. Bal poprowadzi\u0142y energiczne animatorki, kt\u00f3re zadba\u0142y o \u015bwietn\u0105 atmosfer\u0119 i mn\u00f3stwo atrakcji. By\u0142y wsp\u00f3lne ta\u0144ce, [&hellip;]<\/p>\n","protected":false},"author":11,"featured_media":0,"comment_status":"closed","ping_status":"open","sticky":false,"template":"","format":"standard","meta":{"_et_pb_use_builder":"","_et_pb_old_content":"","_et_gb_content_width":"","footnotes":""},"categories":[4],"tags":[],"class_list":["post-1087109","post","type-post","status-publish","format-standard","hentry","category-grupy_aktualnosci"],"_links":{"self":[{"href":"https:\/\/zsp5.zory.pl\/index.php?rest_route=\/wp\/v2\/posts\/1087109","targetHints":{"allow":["GET"]}}],"collection":[{"href":"https:\/\/zsp5.zory.pl\/index.php?rest_route=\/wp\/v2\/posts"}],"about":[{"href":"https:\/\/zsp5.zory.pl\/index.php?rest_route=\/wp\/v2\/types\/post"}],"author":[{"embeddable":true,"href":"https:\/\/zsp5.zory.pl\/index.php?rest_route=\/wp\/v2\/users\/11"}],"replies":[{"embeddable":true,"href":"https:\/\/zsp5.zory.pl\/index.php?rest_route=%2Fwp%2Fv2%2Fcomments&post=1087109"}],"version-history":[{"count":1,"href":"https:\/\/zsp5.zory.pl\/index.php?rest_route=\/wp\/v2\/posts\/1087109\/revisions"}],"predecessor-version":[{"id":1087110,"href":"https:\/\/zsp5.zory.pl\/index.php?rest_route=\/wp\/v2\/posts\/1087109\/revisions\/1087110"}],"wp:attachment":[{"href":"https:\/\/zsp5.zory.pl\/index.php?rest_route=%2Fwp%2Fv2%2Fmedia&parent=1087109"}],"wp:term":[{"taxonomy":"category","embeddable":true,"href":"https:\/\/zsp5.zory.pl\/index.php?rest_route=%2Fwp%2Fv2%2Fcategories&post=1087109"},{"taxonomy":"post_tag","embeddable":true,"href":"https:\/\/zsp5.zory.pl\/index.php?rest_route=%2Fwp%2Fv2%2Ftags&post=1087109"}],"curies":[{"name":"wp","href":"https:\/\/api.w.org\/{rel}","templated":true}]}}