{"id":1087099,"date":"2026-03-15T13:43:03","date_gmt":"2026-03-15T12:43:03","guid":{"rendered":"https:\/\/zsp5.zory.pl\/?p=1087099"},"modified":"2026-03-15T13:43:03","modified_gmt":"2026-03-15T12:43:03","slug":"saint-patricks-day","status":"publish","type":"post","link":"https:\/\/zsp5.zory.pl\/?p=1087099","title":{"rendered":"SAINT PATRICK\u2019S DAY"},"content":{"rendered":"<div class=\"xdj266r x14z9mp xat24cr x1lziwak x1vvkbs x126k92a\">\n<div dir=\"auto\">Nasza szko\u0142a ponownie bierze udzia\u0142 w og\u00f3lnopolskim projekcie j\u0119zykowo-kulturowym SAINT PATRICK\u2019S DAY organizowanym przez Didacto Polska!<\/div>\n<\/div>\n<div class=\"x14z9mp xat24cr x1lziwak x1vvkbs xtlvy1s x126k92a\">\n<div dir=\"auto\">Ju\u017c 17 marca w naszej szkole zrobi si\u0119 naprawd\u0119 zielono!\u00a0 Z tej okazji przygotowali\u015bmy wiele atrakcji zwi\u0105zanych z kultur\u0105 Irlandii i j\u0119zykiem angielskim.<\/div>\n<\/div>\n<div class=\"x14z9mp xat24cr x1lziwak x1vvkbs xtlvy1s x126k92a\">\n<div dir=\"auto\">Zach\u0119camy wszystkich uczni\u00f3w do udzia\u0142u w wydarzeniu i do ubrania si\u0119 tego dnia na zielono!<\/div>\n<div dir=\"auto\">\n<div style=\"width: 1080px;\" class=\"wp-video\"><video class=\"wp-video-shortcode\" id=\"video-1087099-1\" width=\"1080\" height=\"608\" preload=\"metadata\" controls=\"controls\"><source type=\"video\/mp4\" src=\"http:\/\/zsp5.zory.pl\/wp-content\/uploads\/2026\/03\/17-marca-2025-r.mp4?_=1\" \/><a href=\"http:\/\/zsp5.zory.pl\/wp-content\/uploads\/2026\/03\/17-marca-2025-r.mp4\">http:\/\/zsp5.zory.pl\/wp-content\/uploads\/2026\/03\/17-marca-2025-r.mp4<\/a><\/video><\/div>\n<p>SAINT PATRICK\u2019S DAY- prezentacja, zaproszenie do wsp\u00f3lnego \u015bwi\u0119towania.<\/p>\n<\/div>\n<\/div>\n","protected":false},"excerpt":{"rendered":"<p>Nasza szko\u0142a ponownie bierze udzia\u0142 w og\u00f3lnopolskim projekcie j\u0119zykowo-kulturowym SAINT PATRICK\u2019S DAY organizowanym przez Didacto Polska! Ju\u017c 17 marca w naszej szkole zrobi si\u0119 naprawd\u0119 zielono!\u00a0 Z tej okazji przygotowali\u015bmy wiele atrakcji zwi\u0105zanych z kultur\u0105 Irlandii i j\u0119zykiem angielskim. Zach\u0119camy wszystkich uczni\u00f3w do udzia\u0142u w wydarzeniu i do ubrania si\u0119 tego dnia na zielono! SAINT [&hellip;]<\/p>\n","protected":false},"author":13,"featured_media":0,"comment_status":"closed","ping_status":"open","sticky":false,"template":"","format":"standard","meta":{"_et_pb_use_builder":"","_et_pb_old_content":"","_et_gb_content_width":"","footnotes":""},"categories":[186],"tags":[474,553],"class_list":["post-1087099","post","type-post","status-publish","format-standard","hentry","category-samorzad-uczniowski","tag-dzien-swietego-patryka","tag-saint-patricks-day"],"_links":{"self":[{"href":"https:\/\/zsp5.zory.pl\/index.php?rest_route=\/wp\/v2\/posts\/1087099","targetHints":{"allow":["GET"]}}],"collection":[{"href":"https:\/\/zsp5.zory.pl\/index.php?rest_route=\/wp\/v2\/posts"}],"about":[{"href":"https:\/\/zsp5.zory.pl\/index.php?rest_route=\/wp\/v2\/types\/post"}],"author":[{"embeddable":true,"href":"https:\/\/zsp5.zory.pl\/index.php?rest_route=\/wp\/v2\/users\/13"}],"replies":[{"embeddable":true,"href":"https:\/\/zsp5.zory.pl\/index.php?rest_route=%2Fwp%2Fv2%2Fcomments&post=1087099"}],"version-history":[{"count":1,"href":"https:\/\/zsp5.zory.pl\/index.php?rest_route=\/wp\/v2\/posts\/1087099\/revisions"}],"predecessor-version":[{"id":1087101,"href":"https:\/\/zsp5.zory.pl\/index.php?rest_route=\/wp\/v2\/posts\/1087099\/revisions\/1087101"}],"wp:attachment":[{"href":"https:\/\/zsp5.zory.pl\/index.php?rest_route=%2Fwp%2Fv2%2Fmedia&parent=1087099"}],"wp:term":[{"taxonomy":"category","embeddable":true,"href":"https:\/\/zsp5.zory.pl\/index.php?rest_route=%2Fwp%2Fv2%2Fcategories&post=1087099"},{"taxonomy":"post_tag","embeddable":true,"href":"https:\/\/zsp5.zory.pl\/index.php?rest_route=%2Fwp%2Fv2%2Ftags&post=1087099"}],"curies":[{"name":"wp","href":"https:\/\/api.w.org\/{rel}","templated":true}]}}