{"id":1087074,"date":"2026-02-27T08:00:55","date_gmt":"2026-02-27T07:00:55","guid":{"rendered":"https:\/\/zsp5.zory.pl\/?p=1087074"},"modified":"2026-02-27T08:57:01","modified_gmt":"2026-02-27T07:57:01","slug":"1087074","status":"publish","type":"post","link":"https:\/\/zsp5.zory.pl\/?p=1087074","title":{"rendered":"Nab\u00f3r do przedszkola 2026\/2027 &#8211; start 02.03.2026r. godz.8.00"},"content":{"rendered":"<p>Nab\u00f3r dzieci na wolne miejsca w \u017corskich przedszkolach odbywa\u0107 si\u0119 b\u0119dzie w formie elektronicznej w dniach od <strong>02 marca (od godz. 8:00) do 16 marca 2026r. ( do godz.15:00).<\/strong> Rodzice kandydat\u00f3w pobieraj\u0105 wniosek ze strony: <a href=\"https:\/\/naborp-kandydat.vulcan.net.pl\/zory\"><strong>https:\/\/naborp-kandydat.vulcan.net.pl\/zory<\/strong><\/a><\/p>\r\n<!-- \/wp:post-content -->\r\n\r\n<!-- wp:paragraph \/-->\r\n\r\n<!-- wp:paragraph -->\r\n<p>Publikacja listy kandydat\u00f3w zakwalifikowanych w dniu <strong>27 marca 2026 r. godz. 8:00<\/strong>. Publikacja listy kandydat\u00f3w przyj\u0119tych w dniu <strong>10 kwietnia 2026 r. godz. 8:00.<\/strong><\/p>\r\n<!-- \/wp:paragraph -->\r\n\r\n<!-- wp:paragraph -->\r\n<p><strong>WA\u017bNE:<\/strong>\u00a0Nie ma znaczenia kolejno\u015b\u0107 zg\u0142osze\u0144. Istotne jest natomiast terminowe i prawid\u0142owe wype\u0142nienie wniosku na stronie internetowej oraz dostarczenie go w wersji papierowej do przedszkola pierwszego wyboru wraz z potrzebnymi za\u0142\u0105cznikami. Potwierdzenie woli ucz\u0119szczania dziecka do przedszkola przez rodzica nale\u017cy dokona\u0107 w terminie\u00a0<strong>od 27 marca (godz. 8 00 ) do 03 kwietnia 2026 r.<\/strong>\u00a0poprzez wype\u0142nienie stosownej deklaracji.<\/p>\r\n<!-- \/wp:paragraph -->\r\n\r\n<!-- wp:paragraph -->\r\n<p><strong>Uwaga!<\/strong> <strong>Wype\u0142nienie wniosku na stronie internetowej bez jego wydrukowania, podpisania i dostarczenia do przedszkola pierwszego wyboru nie jest zg\u0142oszeniem \u2013 takie dziecko nie bierze udzia\u0142u w procesie rekrutacji.<\/strong><\/p>\r\n<!-- \/wp:paragraph -->\r\n\r\n<!-- wp:paragraph -->\r\n<p>&nbsp;<\/p>","protected":false},"excerpt":{"rendered":"<p>Nab\u00f3r dzieci na wolne miejsca w \u017corskich przedszkolach odbywa\u0107 si\u0119 b\u0119dzie w formie elektronicznej w dniach od 02 marca (od godz. 8:00) do 16 marca 2026r. ( do godz.15:00). Rodzice kandydat\u00f3w pobieraj\u0105 wniosek ze strony: https:\/\/naborp-kandydat.vulcan.net.pl\/zory Publikacja listy kandydat\u00f3w zakwalifikowanych w dniu 27 marca 2026 r. godz. 8:00. Publikacja listy kandydat\u00f3w przyj\u0119tych w dniu 10 [&hellip;]<\/p>\n","protected":false},"author":6,"featured_media":0,"comment_status":"closed","ping_status":"open","sticky":false,"template":"","format":"standard","meta":{"_et_pb_use_builder":"","_et_pb_old_content":"","_et_gb_content_width":"","footnotes":""},"categories":[2,4,267],"tags":[],"class_list":["post-1087074","post","type-post","status-publish","format-standard","hentry","category-aktualnosci","category-grupy_aktualnosci","category-przedszkole-nr-12"],"_links":{"self":[{"href":"https:\/\/zsp5.zory.pl\/index.php?rest_route=\/wp\/v2\/posts\/1087074","targetHints":{"allow":["GET"]}}],"collection":[{"href":"https:\/\/zsp5.zory.pl\/index.php?rest_route=\/wp\/v2\/posts"}],"about":[{"href":"https:\/\/zsp5.zory.pl\/index.php?rest_route=\/wp\/v2\/types\/post"}],"author":[{"embeddable":true,"href":"https:\/\/zsp5.zory.pl\/index.php?rest_route=\/wp\/v2\/users\/6"}],"replies":[{"embeddable":true,"href":"https:\/\/zsp5.zory.pl\/index.php?rest_route=%2Fwp%2Fv2%2Fcomments&post=1087074"}],"version-history":[{"count":6,"href":"https:\/\/zsp5.zory.pl\/index.php?rest_route=\/wp\/v2\/posts\/1087074\/revisions"}],"predecessor-version":[{"id":1087080,"href":"https:\/\/zsp5.zory.pl\/index.php?rest_route=\/wp\/v2\/posts\/1087074\/revisions\/1087080"}],"wp:attachment":[{"href":"https:\/\/zsp5.zory.pl\/index.php?rest_route=%2Fwp%2Fv2%2Fmedia&parent=1087074"}],"wp:term":[{"taxonomy":"category","embeddable":true,"href":"https:\/\/zsp5.zory.pl\/index.php?rest_route=%2Fwp%2Fv2%2Fcategories&post=1087074"},{"taxonomy":"post_tag","embeddable":true,"href":"https:\/\/zsp5.zory.pl\/index.php?rest_route=%2Fwp%2Fv2%2Ftags&post=1087074"}],"curies":[{"name":"wp","href":"https:\/\/api.w.org\/{rel}","templated":true}]}}