{"id":1087067,"date":"2026-02-21T18:06:26","date_gmt":"2026-02-21T17:06:26","guid":{"rendered":"https:\/\/zsp5.zory.pl\/?p=1087067"},"modified":"2026-02-21T18:06:57","modified_gmt":"2026-02-21T17:06:57","slug":"ludzie-z-pasja-dziekujemy","status":"publish","type":"post","link":"https:\/\/zsp5.zory.pl\/?p=1087067","title":{"rendered":"&#8222;Ludzie z pasj\u0105&#8221; &#8211; dzi\u0119kujemy"},"content":{"rendered":"<p><span style=\"color: #000000;\">Wielkie brawa dla wszystkich uczestnik\u00f3w wydarzenia &#8222;Ludzie z pasj\u0105&#8221;! Dzi\u0119ki Waszemu zaanga\u017cowaniu i obecno\u015bci uda\u0142o si\u0119 zebra\u0107 590 z\u0142otych, kt\u00f3re w ca\u0142o\u015bci zasili\u0142y konto naszej Rady Rodzic\u00f3w. To realne wsparcie, kt\u00f3re zostanie wykorzystane z my\u015bl\u0105 o naszych uczniach! Szczeg\u00f3lne podzi\u0119kowania i wyrazy uznania nale\u017c\u0105 si\u0119 inicjatorowi ca\u0142ego przedsi\u0119wzi\u0119cia \u2013 panu <span class=\"html-span xdj266r x14z9mp xat24cr x1lziwak xexx8yu xyri2b x18d9i69 x1c1uobl x1hl2dhg x16tdsg8 x1vvkbs\"><a class=\"x1i10hfl xjbqb8w x1ejq31n x18oe1m7 x1sy0etr xstzfhl x972fbf x10w94by x1qhh985 x14e42zd x9f619 x1ypdohk xt0psk2 x3ct3a4 xdj266r x14z9mp xat24cr x1lziwak xexx8yu xyri2b x18d9i69 x1c1uobl x16tdsg8 x1hl2dhg xggy1nq x1a2a7pz xkrqix3 x1sur9pj x1fey0fg x1s688f\" style=\"color: #000000;\" tabindex=\"0\" role=\"link\" href=\"https:\/\/www.facebook.com\/kurpasruchnarodowy?__cft__[0]=AZYmtVGEsjMxn5YCMb8O0EToriFC-2DozIYWev8700uM1g0o8SrDUAl-KkSnSZD4n5mxFInx7V-juT_a2W7cF08joIUbgpHxecn5rjYY5NmDpzLurjxvfQWehO36uqN0BMGWGZz0AZbbdajbgHg1rgHDTS2FMO0Cg_PtUsUXBgG8JiI3NiqLom7pcPJP53eETyg&amp;__tn__=-]K-R\"><span class=\"xt0psk2\"><span class=\"xjp7ctv\">Adamowi Kurpasowi<\/span><\/span><\/a><\/span>. Dzi\u0119kujemy za energi\u0119, pomys\u0142 i trud w\u0142o\u017cony w organizacj\u0119 tego wyj\u0105tkowego spotkania! Chcieliby\u015bmy, aby to wydarzenie sta\u0142o si\u0119 nasz\u0105 zimow\u0105 tradycj\u0105. Ka\u017cdego roku mogliby\u015bmy odkrywa\u0107 nowe pasje i wsp\u00f3lnie robi\u0107 co\u015b dobrego. Nie mo\u017cemy doczeka\u0107 si\u0119 planowania przysz\u0142ych edycji! Dzi\u0119kujemy, \u017ce tworzycie z nami t\u0119 spo\u0142eczno\u015b\u0107!<\/span><\/p>\n","protected":false},"excerpt":{"rendered":"<p>Wielkie brawa dla wszystkich uczestnik\u00f3w wydarzenia &#8222;Ludzie z pasj\u0105&#8221;! Dzi\u0119ki Waszemu zaanga\u017cowaniu i obecno\u015bci uda\u0142o si\u0119 zebra\u0107 590 z\u0142otych, kt\u00f3re w ca\u0142o\u015bci zasili\u0142y konto naszej Rady Rodzic\u00f3w. To realne wsparcie, kt\u00f3re zostanie wykorzystane z my\u015bl\u0105 o naszych uczniach! Szczeg\u00f3lne podzi\u0119kowania i wyrazy uznania nale\u017c\u0105 si\u0119 inicjatorowi ca\u0142ego przedsi\u0119wzi\u0119cia \u2013 panu Adamowi Kurpasowi. Dzi\u0119kujemy za energi\u0119, [&hellip;]<\/p>\n","protected":false},"author":11,"featured_media":0,"comment_status":"closed","ping_status":"open","sticky":false,"template":"","format":"standard","meta":{"_et_pb_use_builder":"","_et_pb_old_content":"","_et_gb_content_width":"","footnotes":""},"categories":[2],"tags":[],"class_list":["post-1087067","post","type-post","status-publish","format-standard","hentry","category-aktualnosci"],"_links":{"self":[{"href":"https:\/\/zsp5.zory.pl\/index.php?rest_route=\/wp\/v2\/posts\/1087067","targetHints":{"allow":["GET"]}}],"collection":[{"href":"https:\/\/zsp5.zory.pl\/index.php?rest_route=\/wp\/v2\/posts"}],"about":[{"href":"https:\/\/zsp5.zory.pl\/index.php?rest_route=\/wp\/v2\/types\/post"}],"author":[{"embeddable":true,"href":"https:\/\/zsp5.zory.pl\/index.php?rest_route=\/wp\/v2\/users\/11"}],"replies":[{"embeddable":true,"href":"https:\/\/zsp5.zory.pl\/index.php?rest_route=%2Fwp%2Fv2%2Fcomments&post=1087067"}],"version-history":[{"count":2,"href":"https:\/\/zsp5.zory.pl\/index.php?rest_route=\/wp\/v2\/posts\/1087067\/revisions"}],"predecessor-version":[{"id":1087069,"href":"https:\/\/zsp5.zory.pl\/index.php?rest_route=\/wp\/v2\/posts\/1087067\/revisions\/1087069"}],"wp:attachment":[{"href":"https:\/\/zsp5.zory.pl\/index.php?rest_route=%2Fwp%2Fv2%2Fmedia&parent=1087067"}],"wp:term":[{"taxonomy":"category","embeddable":true,"href":"https:\/\/zsp5.zory.pl\/index.php?rest_route=%2Fwp%2Fv2%2Fcategories&post=1087067"},{"taxonomy":"post_tag","embeddable":true,"href":"https:\/\/zsp5.zory.pl\/index.php?rest_route=%2Fwp%2Fv2%2Ftags&post=1087067"}],"curies":[{"name":"wp","href":"https:\/\/api.w.org\/{rel}","templated":true}]}}