{"id":1086994,"date":"2026-01-29T18:33:20","date_gmt":"2026-01-29T17:33:20","guid":{"rendered":"https:\/\/zsp5.zory.pl\/?p=1086994"},"modified":"2026-01-29T18:33:20","modified_gmt":"2026-01-29T17:33:20","slug":"dzien-na-opak-w-naszej-szkole","status":"publish","type":"post","link":"https:\/\/zsp5.zory.pl\/?p=1086994","title":{"rendered":"Dzie\u0144 na opak w naszej szkole!"},"content":{"rendered":"<p>Dzie\u0144 na opak w naszej szkole by\u0142 wyj\u0105tkowym wydarzeniem. Uczniowie przyszli w ubraniach na lew\u0105 stron\u0119. Dwa r\u00f3\u017cne buty? Oczywi\u015bcie! Plecaki na plecach? Tym razem noszone by\u0142y na brzuchu. Podczas tego dnia m\u00f3wili\u015bmy \u201edo widzenia\u201d na przywitanie i \u201edzie\u0144 dobry\u201d na po\u017cegnanie. Chodzili\u015bmy ty\u0142em, a schody pokonywali\u015bmy bokiem, zachowuj\u0105c przy tym bezpiecze\u0144stwo.Nauczyciele zamienili si\u0119 miejscami z uczniami, to oni tego dnia prowadzili lekcje.\u00a0To wszystko i jeszcze wi\u0119cej dzia\u0142o si\u0119 27 stycznia w naszej szkole, wprowadzaj\u0105c du\u017co humoru, rado\u015bci i kreatywnej zabawy.<\/p>\n<div style=\"width: 1080px;\" class=\"wp-video\"><video class=\"wp-video-shortcode\" id=\"video-1086994-1\" width=\"1080\" height=\"608\" preload=\"metadata\" controls=\"controls\"><source type=\"video\/mp4\" src=\"http:\/\/zsp5.zory.pl\/wp-content\/uploads\/2026\/01\/Dzien-na-opak-w-naszej-szkole-\u2013-27-stycznia-1.mp4?_=1\" \/><a href=\"http:\/\/zsp5.zory.pl\/wp-content\/uploads\/2026\/01\/Dzien-na-opak-w-naszej-szkole-\u2013-27-stycznia-1.mp4\">http:\/\/zsp5.zory.pl\/wp-content\/uploads\/2026\/01\/Dzien-na-opak-w-naszej-szkole-\u2013-27-stycznia-1.mp4<\/a><\/video><\/div>\n<p>Dzie\u0144 na opak- fotorelacja<\/p>\n","protected":false},"excerpt":{"rendered":"<p>Dzie\u0144 na opak w naszej szkole by\u0142 wyj\u0105tkowym wydarzeniem. Uczniowie przyszli w ubraniach na lew\u0105 stron\u0119. Dwa r\u00f3\u017cne buty? Oczywi\u015bcie! Plecaki na plecach? Tym razem noszone by\u0142y na brzuchu. Podczas tego dnia m\u00f3wili\u015bmy \u201edo widzenia\u201d na przywitanie i \u201edzie\u0144 dobry\u201d na po\u017cegnanie. Chodzili\u015bmy ty\u0142em, a schody pokonywali\u015bmy bokiem, zachowuj\u0105c przy tym bezpiecze\u0144stwo.Nauczyciele zamienili si\u0119 miejscami [&hellip;]<\/p>\n","protected":false},"author":13,"featured_media":0,"comment_status":"closed","ping_status":"open","sticky":false,"template":"","format":"standard","meta":{"_et_pb_use_builder":"","_et_pb_old_content":"","_et_gb_content_width":"","footnotes":""},"categories":[186],"tags":[552,228,316],"class_list":["post-1086994","post","type-post","status-publish","format-standard","hentry","category-samorzad-uczniowski","tag-dzien-na-opak","tag-su","tag-zabawa"],"_links":{"self":[{"href":"https:\/\/zsp5.zory.pl\/index.php?rest_route=\/wp\/v2\/posts\/1086994","targetHints":{"allow":["GET"]}}],"collection":[{"href":"https:\/\/zsp5.zory.pl\/index.php?rest_route=\/wp\/v2\/posts"}],"about":[{"href":"https:\/\/zsp5.zory.pl\/index.php?rest_route=\/wp\/v2\/types\/post"}],"author":[{"embeddable":true,"href":"https:\/\/zsp5.zory.pl\/index.php?rest_route=\/wp\/v2\/users\/13"}],"replies":[{"embeddable":true,"href":"https:\/\/zsp5.zory.pl\/index.php?rest_route=%2Fwp%2Fv2%2Fcomments&post=1086994"}],"version-history":[{"count":1,"href":"https:\/\/zsp5.zory.pl\/index.php?rest_route=\/wp\/v2\/posts\/1086994\/revisions"}],"predecessor-version":[{"id":1086996,"href":"https:\/\/zsp5.zory.pl\/index.php?rest_route=\/wp\/v2\/posts\/1086994\/revisions\/1086996"}],"wp:attachment":[{"href":"https:\/\/zsp5.zory.pl\/index.php?rest_route=%2Fwp%2Fv2%2Fmedia&parent=1086994"}],"wp:term":[{"taxonomy":"category","embeddable":true,"href":"https:\/\/zsp5.zory.pl\/index.php?rest_route=%2Fwp%2Fv2%2Fcategories&post=1086994"},{"taxonomy":"post_tag","embeddable":true,"href":"https:\/\/zsp5.zory.pl\/index.php?rest_route=%2Fwp%2Fv2%2Ftags&post=1086994"}],"curies":[{"name":"wp","href":"https:\/\/api.w.org\/{rel}","templated":true}]}}