{"id":1086986,"date":"2026-01-27T12:53:48","date_gmt":"2026-01-27T11:53:48","guid":{"rendered":"https:\/\/zsp5.zory.pl\/?p=1086986"},"modified":"2026-01-28T12:55:40","modified_gmt":"2026-01-28T11:55:40","slug":"wycieczka-pierwszakow","status":"publish","type":"post","link":"https:\/\/zsp5.zory.pl\/?p=1086986","title":{"rendered":"Wycieczka pierwszak\u00f3w"},"content":{"rendered":"<div dir=\"auto\"><span style=\"color: #000000;\">11.12.2025 r. uczniowie klas pierwszych wzi\u0119li udzia\u0142 w niezwyk\u0142ej wycieczce pe\u0142nej kolor\u00f3w, wyobra\u017ani i dobrej zabawy.<\/span><\/div>\n<div dir=\"auto\"><span style=\"color: #000000;\">Pierwszym przystankiem by\u0142o Malowisko.art, gdzie dzieci z ogromnym zaanga\u017cowaniem tworzy\u0142y w\u0142asne prace plastyczne, rozwijaj\u0105c kreatywno\u015b\u0107 i artystyczn\u0105 wyobra\u017ani\u0119. Rado\u015bci i dumy z w\u0142asnych dzie\u0142 nie by\u0142o ko\u0144ca!<\/span><\/div>\n<div dir=\"auto\"><span style=\"color: #000000;\">Nast\u0119pnie przenie\u015bli\u015bmy si\u0119 do magicznego \u015bwiata Bajki Pana Kleksa, gdzie uczniowie z zachwytem odkrywali interaktywn\u0105 przestrze\u0144 pe\u0142n\u0105 zagadek, eksperyment\u00f3w i znanych motyw\u00f3w z ulubionych opowie\u015bci. Nauka przez zabaw\u0119 okaza\u0142a si\u0119 strza\u0142em w dziesi\u0105tk\u0119!<\/span><\/div>\n<div dir=\"auto\"><span style=\"color: #000000;\">To by\u0142 dzie\u0144 pe\u0142en u\u015bmiech\u00f3w, wra\u017ce\u0144 i niezapomnianych wspomnie\u0144!<\/span><\/div>\n","protected":false},"excerpt":{"rendered":"<p>11.12.2025 r. uczniowie klas pierwszych wzi\u0119li udzia\u0142 w niezwyk\u0142ej wycieczce pe\u0142nej kolor\u00f3w, wyobra\u017ani i dobrej zabawy. Pierwszym przystankiem by\u0142o Malowisko.art, gdzie dzieci z ogromnym zaanga\u017cowaniem tworzy\u0142y w\u0142asne prace plastyczne, rozwijaj\u0105c kreatywno\u015b\u0107 i artystyczn\u0105 wyobra\u017ani\u0119. Rado\u015bci i dumy z w\u0142asnych dzie\u0142 nie by\u0142o ko\u0144ca! Nast\u0119pnie przenie\u015bli\u015bmy si\u0119 do magicznego \u015bwiata Bajki Pana Kleksa, gdzie uczniowie z [&hellip;]<\/p>\n","protected":false},"author":11,"featured_media":0,"comment_status":"closed","ping_status":"open","sticky":false,"template":"","format":"standard","meta":{"_et_pb_use_builder":"","_et_pb_old_content":"","_et_gb_content_width":"","footnotes":""},"categories":[2],"tags":[],"class_list":["post-1086986","post","type-post","status-publish","format-standard","hentry","category-aktualnosci"],"_links":{"self":[{"href":"https:\/\/zsp5.zory.pl\/index.php?rest_route=\/wp\/v2\/posts\/1086986","targetHints":{"allow":["GET"]}}],"collection":[{"href":"https:\/\/zsp5.zory.pl\/index.php?rest_route=\/wp\/v2\/posts"}],"about":[{"href":"https:\/\/zsp5.zory.pl\/index.php?rest_route=\/wp\/v2\/types\/post"}],"author":[{"embeddable":true,"href":"https:\/\/zsp5.zory.pl\/index.php?rest_route=\/wp\/v2\/users\/11"}],"replies":[{"embeddable":true,"href":"https:\/\/zsp5.zory.pl\/index.php?rest_route=%2Fwp%2Fv2%2Fcomments&post=1086986"}],"version-history":[{"count":1,"href":"https:\/\/zsp5.zory.pl\/index.php?rest_route=\/wp\/v2\/posts\/1086986\/revisions"}],"predecessor-version":[{"id":1086987,"href":"https:\/\/zsp5.zory.pl\/index.php?rest_route=\/wp\/v2\/posts\/1086986\/revisions\/1086987"}],"wp:attachment":[{"href":"https:\/\/zsp5.zory.pl\/index.php?rest_route=%2Fwp%2Fv2%2Fmedia&parent=1086986"}],"wp:term":[{"taxonomy":"category","embeddable":true,"href":"https:\/\/zsp5.zory.pl\/index.php?rest_route=%2Fwp%2Fv2%2Fcategories&post=1086986"},{"taxonomy":"post_tag","embeddable":true,"href":"https:\/\/zsp5.zory.pl\/index.php?rest_route=%2Fwp%2Fv2%2Ftags&post=1086986"}],"curies":[{"name":"wp","href":"https:\/\/api.w.org\/{rel}","templated":true}]}}