{"id":1086984,"date":"2026-01-28T12:51:47","date_gmt":"2026-01-28T11:51:47","guid":{"rendered":"https:\/\/zsp5.zory.pl\/?p=1086984"},"modified":"2026-01-28T12:55:54","modified_gmt":"2026-01-28T11:55:54","slug":"dzien-w-pizamach","status":"publish","type":"post","link":"https:\/\/zsp5.zory.pl\/?p=1086984","title":{"rendered":"Dzie\u0144 w Pi\u017camach"},"content":{"rendered":"<div dir=\"auto\"><span style=\"color: #000000;\">4 lutego w Zespole Szkolno-Przedszkolnym nr 5 odb\u0119dzie si\u0119 Dzie\u0144 w Pi\u017camach, organizowany z okazji \u015awiatowego Dnia Walki z Rakiem. W\u0142\u0105czamy si\u0119 w V Og\u00f3lnopolski Charytatywny Dzie\u0144 w Pi\u017camie Fundacji \u201eGdy Liczy si\u0119 Czas\u201d, solidaryzuj\u0105c si\u0119 z dzie\u0107mi chorymi onkologicznie. Za\u0142\u00f3\u017cmy pi\u017camy i poka\u017cmy, \u017ce mamy wielkie serca.<\/span><\/div>\n<div dir=\"auto\"><span style=\"color: #000000;\">Cegie\u0142ki mile widziane, ale nieobowi\u0105zkowe.<\/span><\/div>\n","protected":false},"excerpt":{"rendered":"<p>4 lutego w Zespole Szkolno-Przedszkolnym nr 5 odb\u0119dzie si\u0119 Dzie\u0144 w Pi\u017camach, organizowany z okazji \u015awiatowego Dnia Walki z Rakiem. W\u0142\u0105czamy si\u0119 w V Og\u00f3lnopolski Charytatywny Dzie\u0144 w Pi\u017camie Fundacji \u201eGdy Liczy si\u0119 Czas\u201d, solidaryzuj\u0105c si\u0119 z dzie\u0107mi chorymi onkologicznie. Za\u0142\u00f3\u017cmy pi\u017camy i poka\u017cmy, \u017ce mamy wielkie serca. Cegie\u0142ki mile widziane, ale nieobowi\u0105zkowe.<\/p>\n","protected":false},"author":11,"featured_media":0,"comment_status":"closed","ping_status":"open","sticky":false,"template":"","format":"standard","meta":{"_et_pb_use_builder":"","_et_pb_old_content":"","_et_gb_content_width":"","footnotes":""},"categories":[2],"tags":[],"class_list":["post-1086984","post","type-post","status-publish","format-standard","hentry","category-aktualnosci"],"_links":{"self":[{"href":"https:\/\/zsp5.zory.pl\/index.php?rest_route=\/wp\/v2\/posts\/1086984","targetHints":{"allow":["GET"]}}],"collection":[{"href":"https:\/\/zsp5.zory.pl\/index.php?rest_route=\/wp\/v2\/posts"}],"about":[{"href":"https:\/\/zsp5.zory.pl\/index.php?rest_route=\/wp\/v2\/types\/post"}],"author":[{"embeddable":true,"href":"https:\/\/zsp5.zory.pl\/index.php?rest_route=\/wp\/v2\/users\/11"}],"replies":[{"embeddable":true,"href":"https:\/\/zsp5.zory.pl\/index.php?rest_route=%2Fwp%2Fv2%2Fcomments&post=1086984"}],"version-history":[{"count":1,"href":"https:\/\/zsp5.zory.pl\/index.php?rest_route=\/wp\/v2\/posts\/1086984\/revisions"}],"predecessor-version":[{"id":1086985,"href":"https:\/\/zsp5.zory.pl\/index.php?rest_route=\/wp\/v2\/posts\/1086984\/revisions\/1086985"}],"wp:attachment":[{"href":"https:\/\/zsp5.zory.pl\/index.php?rest_route=%2Fwp%2Fv2%2Fmedia&parent=1086984"}],"wp:term":[{"taxonomy":"category","embeddable":true,"href":"https:\/\/zsp5.zory.pl\/index.php?rest_route=%2Fwp%2Fv2%2Fcategories&post=1086984"},{"taxonomy":"post_tag","embeddable":true,"href":"https:\/\/zsp5.zory.pl\/index.php?rest_route=%2Fwp%2Fv2%2Ftags&post=1086984"}],"curies":[{"name":"wp","href":"https:\/\/api.w.org\/{rel}","templated":true}]}}