{"id":1086978,"date":"2026-01-26T14:11:19","date_gmt":"2026-01-26T13:11:19","guid":{"rendered":"https:\/\/zsp5.zory.pl\/?p=1086978"},"modified":"2026-01-26T14:11:35","modified_gmt":"2026-01-26T13:11:35","slug":"spotkanie-ludzi-z-pasja-z-baranowic","status":"publish","type":"post","link":"https:\/\/zsp5.zory.pl\/?p=1086978","title":{"rendered":"Spotkanie ludzi z pasj\u0105 \u2013 z Baranowic"},"content":{"rendered":"<div class=\"xdj266r x14z9mp xat24cr x1lziwak x1vvkbs x126k92a\">\n<div dir=\"auto\"><span style=\"color: #000000;\">Spotkanie ludzi z pasj\u0105 \u2013 z Baranowic\u00a0<\/span><\/div>\n<div dir=\"auto\"><span style=\"color: #000000;\"><span class=\"html-span xexx8yu xyri2b x18d9i69 x1c1uobl x1hl2dhg x16tdsg8 x1vvkbs x3nfvp2 x1j61x8r x1fcty0u xdj266r xat24cr xm2jcoa x1mpyi22 xxymvpz xlup9mm x1kky2od\">Kiedy: <\/span><strong>8 lutego 2026<\/strong><\/span><\/div>\n<\/div>\n<div class=\"x14z9mp xat24cr x1lziwak x1vvkbs xtlvy1s x126k92a\">\n<div dir=\"auto\"><span style=\"color: #000000;\">Zapraszamy na wyj\u0105tkowe wydarzenie, kt\u00f3re zabierze Was w podr\u00f3\u017c pe\u0142n\u0105 pasji, inspiracji i niezwyk\u0142ych historii.\u00a0<\/span><\/div>\n<\/div>\n<div class=\"x14z9mp xat24cr x1lziwak x1vvkbs xtlvy1s x126k92a\">\n<div dir=\"auto\"><span style=\"color: #000000;\">Inicjatorem i organizatorem spotkania jest Adam Kurpas \u2013 pasjonat podr\u00f3\u017cy, kt\u00f3ry wierzy, \u017ce ciekawo\u015b\u0107 \u015bwiata i pasja mog\u0105 \u0142\u0105czy\u0107 ludzi oraz otwiera\u0107 nowe perspektywy.<\/span><\/div>\n<\/div>\n<div class=\"x14z9mp xat24cr x1lziwak x1vvkbs xtlvy1s x126k92a\">\n<div dir=\"auto\"><span style=\"color: #000000;\">Podczas wydarzenia b\u0119dzie mo\u017cna pos\u0142ucha\u0107 opowie\u015bci z Indonezji i zachodniego wybrze\u017ca Stan\u00f3w Zjednoczonych \u2013 pe\u0142nych przyg\u00f3d, humoru, refleksji i pi\u0119knych wspomnie\u0144. To historie, kt\u00f3re pokazuj\u0105, jak odwaga do odkrywania i ciekawo\u015b\u0107 \u015bwiata mog\u0105 zmienia\u0107 nasze spojrzenie na codzienno\u015b\u0107.\u00a0<\/span><\/div>\n<\/div>\n<div class=\"x14z9mp xat24cr x1lziwak x1vvkbs xtlvy1s x126k92a\">\n<div dir=\"auto\"><span style=\"color: #000000;\">Celem spotkania jest dzielenie si\u0119 pasj\u0105 i inspiracj\u0105, a przy okazji wsparcie lokalnej spo\u0142eczno\u015bci.<\/span><\/div>\n<div dir=\"auto\"><span style=\"color: #000000;\">Podczas wydarzenia zostanie przeprowadzona zbi\u00f3rka publiczna na rozbudow\u0119 szkolnego radiow\u0119z\u0142a w ZSP5 w Baranowicach.\u00a0<\/span><\/div>\n<\/div>\n<div class=\"x14z9mp xat24cr x1lziwak x1vvkbs xtlvy1s x126k92a\">\n<div dir=\"auto\"><span style=\"color: #000000;\">Przyjd\u017a, pos\u0142uchaj, zainspiruj si\u0119 i pozw\u00f3l, by historie innych otworzy\u0142y przed Tob\u0105 nowe horyzonty<\/span><\/div>\n<\/div>\n","protected":false},"excerpt":{"rendered":"<p>Spotkanie ludzi z pasj\u0105 \u2013 z Baranowic\u00a0 Kiedy: 8 lutego 2026 Zapraszamy na wyj\u0105tkowe wydarzenie, kt\u00f3re zabierze Was w podr\u00f3\u017c pe\u0142n\u0105 pasji, inspiracji i niezwyk\u0142ych historii.\u00a0 Inicjatorem i organizatorem spotkania jest Adam Kurpas \u2013 pasjonat podr\u00f3\u017cy, kt\u00f3ry wierzy, \u017ce ciekawo\u015b\u0107 \u015bwiata i pasja mog\u0105 \u0142\u0105czy\u0107 ludzi oraz otwiera\u0107 nowe perspektywy. Podczas wydarzenia b\u0119dzie mo\u017cna pos\u0142ucha\u0107 [&hellip;]<\/p>\n","protected":false},"author":11,"featured_media":0,"comment_status":"closed","ping_status":"open","sticky":false,"template":"","format":"standard","meta":{"_et_pb_use_builder":"","_et_pb_old_content":"","_et_gb_content_width":"","footnotes":""},"categories":[2,4],"tags":[],"class_list":["post-1086978","post","type-post","status-publish","format-standard","hentry","category-aktualnosci","category-grupy_aktualnosci"],"_links":{"self":[{"href":"https:\/\/zsp5.zory.pl\/index.php?rest_route=\/wp\/v2\/posts\/1086978","targetHints":{"allow":["GET"]}}],"collection":[{"href":"https:\/\/zsp5.zory.pl\/index.php?rest_route=\/wp\/v2\/posts"}],"about":[{"href":"https:\/\/zsp5.zory.pl\/index.php?rest_route=\/wp\/v2\/types\/post"}],"author":[{"embeddable":true,"href":"https:\/\/zsp5.zory.pl\/index.php?rest_route=\/wp\/v2\/users\/11"}],"replies":[{"embeddable":true,"href":"https:\/\/zsp5.zory.pl\/index.php?rest_route=%2Fwp%2Fv2%2Fcomments&post=1086978"}],"version-history":[{"count":1,"href":"https:\/\/zsp5.zory.pl\/index.php?rest_route=\/wp\/v2\/posts\/1086978\/revisions"}],"predecessor-version":[{"id":1086979,"href":"https:\/\/zsp5.zory.pl\/index.php?rest_route=\/wp\/v2\/posts\/1086978\/revisions\/1086979"}],"wp:attachment":[{"href":"https:\/\/zsp5.zory.pl\/index.php?rest_route=%2Fwp%2Fv2%2Fmedia&parent=1086978"}],"wp:term":[{"taxonomy":"category","embeddable":true,"href":"https:\/\/zsp5.zory.pl\/index.php?rest_route=%2Fwp%2Fv2%2Fcategories&post=1086978"},{"taxonomy":"post_tag","embeddable":true,"href":"https:\/\/zsp5.zory.pl\/index.php?rest_route=%2Fwp%2Fv2%2Ftags&post=1086978"}],"curies":[{"name":"wp","href":"https:\/\/api.w.org\/{rel}","templated":true}]}}