{"id":1086976,"date":"2026-01-30T11:06:38","date_gmt":"2026-01-30T10:06:38","guid":{"rendered":"https:\/\/zsp5.zory.pl\/?p=1086976"},"modified":"2026-02-02T10:47:59","modified_gmt":"2026-02-02T09:47:59","slug":"dzien-otwarty-w-przedszkolu-nr-12-w-zorach-2","status":"publish","type":"post","link":"https:\/\/zsp5.zory.pl\/?p=1086976","title":{"rendered":"Dzie\u0144 Otwarty w Przedszkolu nr 12 w \u017borach"},"content":{"rendered":"<div class=\"xdj266r x14z9mp xat24cr x1lziwak x1vvkbs x126k92a\">\n<div dir=\"auto\"><span style=\"color: #000000;\">Serdecznie zapraszamy rodzic\u00f3w wraz z dzie\u0107mi na Dzie\u0144 Otwarty w Przedszkolu nr 12 w \u017borach!\u00a0<\/span><\/div>\n<\/div>\n<div class=\"x14z9mp xat24cr x1lziwak x1vvkbs xtlvy1s x126k92a\">\n<ul>\n<li dir=\"auto\"><span style=\"color: #000000;\">06.02.2026 r. (pi\u0105tek)<\/span><\/li>\n<li dir=\"auto\"><span style=\"color: #000000;\">godz. 16:00\u201317:00<\/span><\/li>\n<li dir=\"auto\"><span style=\"color: #000000;\"> Przedszkole nr 12 w \u017borach w Zespole Szkolno-Przedszkolnym nr 5 w \u017borach.<\/span><\/li>\n<\/ul>\n<\/div>\n<div class=\"x14z9mp xat24cr x1lziwak x1vvkbs xtlvy1s x126k92a\">\n<div dir=\"auto\"><span style=\"color: #000000;\">To doskona\u0142a okazja, aby:<\/span><\/div>\n<ul>\n<li dir=\"auto\"><span style=\"color: #000000;\">\u00a0pozna\u0107 nasze przedszkole i jego atmosfer\u0119,<\/span><\/li>\n<li dir=\"auto\"><span style=\"color: #000000;\">zobaczy\u0107 sale i przestrze\u0144 do zabawy,<\/span><\/li>\n<li dir=\"auto\"><span style=\"color: #000000;\"> porozmawia\u0107 z kadr\u0105 pedagogiczn\u0105,<\/span><\/li>\n<li dir=\"auto\"><span style=\"color: #000000;\">odpowiedzie\u0107 na wszystkie pytania dotycz\u0105ce rekrutacji.<\/span><\/li>\n<\/ul>\n<\/div>\n<div class=\"x14z9mp xat24cr x1lziwak x1vvkbs xtlvy1s x126k92a\">\n<div dir=\"auto\"><span style=\"color: #000000;\">Czekaj\u0105 na Was u\u015bmiechy, dobra zabawa i mi\u0142e niespodzianki dla najm\u0142odszych!\u00a0<\/span><\/div>\n<div dir=\"auto\"><span style=\"color: #000000;\">Do zobaczenia!<\/span><\/div>\n<\/div>\n","protected":false},"excerpt":{"rendered":"<p>Serdecznie zapraszamy rodzic\u00f3w wraz z dzie\u0107mi na Dzie\u0144 Otwarty w Przedszkolu nr 12 w \u017borach!\u00a0 06.02.2026 r. (pi\u0105tek) godz. 16:00\u201317:00 Przedszkole nr 12 w \u017borach w Zespole Szkolno-Przedszkolnym nr 5 w \u017borach. To doskona\u0142a okazja, aby: \u00a0pozna\u0107 nasze przedszkole i jego atmosfer\u0119, zobaczy\u0107 sale i przestrze\u0144 do zabawy, porozmawia\u0107 z kadr\u0105 pedagogiczn\u0105, odpowiedzie\u0107 na wszystkie [&hellip;]<\/p>\n","protected":false},"author":11,"featured_media":0,"comment_status":"closed","ping_status":"open","sticky":true,"template":"","format":"standard","meta":{"_et_pb_use_builder":"","_et_pb_old_content":"","_et_gb_content_width":"","footnotes":""},"categories":[2,4,39,267,82,87],"tags":[],"class_list":["post-1086976","post","type-post","status-publish","format-standard","hentry","category-aktualnosci","category-grupy_aktualnosci","category-komunikat-specjalny","category-przedszkole-nr-12","category-sp5-zory","category-sp5-zory-komunikaty"],"_links":{"self":[{"href":"https:\/\/zsp5.zory.pl\/index.php?rest_route=\/wp\/v2\/posts\/1086976","targetHints":{"allow":["GET"]}}],"collection":[{"href":"https:\/\/zsp5.zory.pl\/index.php?rest_route=\/wp\/v2\/posts"}],"about":[{"href":"https:\/\/zsp5.zory.pl\/index.php?rest_route=\/wp\/v2\/types\/post"}],"author":[{"embeddable":true,"href":"https:\/\/zsp5.zory.pl\/index.php?rest_route=\/wp\/v2\/users\/11"}],"replies":[{"embeddable":true,"href":"https:\/\/zsp5.zory.pl\/index.php?rest_route=%2Fwp%2Fv2%2Fcomments&post=1086976"}],"version-history":[{"count":1,"href":"https:\/\/zsp5.zory.pl\/index.php?rest_route=\/wp\/v2\/posts\/1086976\/revisions"}],"predecessor-version":[{"id":1086977,"href":"https:\/\/zsp5.zory.pl\/index.php?rest_route=\/wp\/v2\/posts\/1086976\/revisions\/1086977"}],"wp:attachment":[{"href":"https:\/\/zsp5.zory.pl\/index.php?rest_route=%2Fwp%2Fv2%2Fmedia&parent=1086976"}],"wp:term":[{"taxonomy":"category","embeddable":true,"href":"https:\/\/zsp5.zory.pl\/index.php?rest_route=%2Fwp%2Fv2%2Fcategories&post=1086976"},{"taxonomy":"post_tag","embeddable":true,"href":"https:\/\/zsp5.zory.pl\/index.php?rest_route=%2Fwp%2Fv2%2Ftags&post=1086976"}],"curies":[{"name":"wp","href":"https:\/\/api.w.org\/{rel}","templated":true}]}}