{"id":1086905,"date":"2025-12-08T20:18:06","date_gmt":"2025-12-08T19:18:06","guid":{"rendered":"https:\/\/zsp5.zory.pl\/?p=1086905"},"modified":"2025-12-08T20:18:06","modified_gmt":"2025-12-08T19:18:06","slug":"ii-zlot-samorzadow-uczniowskich-w-zorach","status":"publish","type":"post","link":"https:\/\/zsp5.zory.pl\/?p=1086905","title":{"rendered":"II Zlot Samorz\u0105d\u00f3w Uczniowskich w \u017borach"},"content":{"rendered":"<div id=\":13a\" class=\"ii gt\">\n<div id=\":p7\" class=\"a3s aiL\">\n<div id=\"avWBGd-472\">\n<div dir=\"ltr\">\n<div id=\":12b\" class=\"ii gt adO\">\n<div id=\":qe\" class=\"a3s aiL\">\n<div id=\"avWBGd-439\">\n<div dir=\"ltr\">Kochani! To ju\u017c II Zlot Samorz\u0105d\u00f3w Uczniowskich w \u017borach. SP 13 dzi\u0119kujemy za zaproszenie! Zostali\u015bmy fantastycznie ugoszczeni, a przedstawiciele naszego samorz\u0105du kolejny raz mogli wymieni\u0107 si\u0119 do\u015bwiadczeniami z uczniami z ca\u0142ych \u017bor. Wsp\u00f3\u0142pracowali\u015bmy, bawili\u015bmy si\u0119 i zacie\u015bniali\u015bmy wi\u0119zi. Mamy ju\u017c pomys\u0142y na kolejne wsp\u00f3lne akcje!<\/div>\n<div dir=\"ltr\"><\/div>\n<div dir=\"ltr\">\n<div style=\"width: 1080px;\" class=\"wp-video\"><video class=\"wp-video-shortcode\" id=\"video-1086905-1\" width=\"1080\" height=\"608\" preload=\"metadata\" controls=\"controls\"><source type=\"video\/mp4\" src=\"http:\/\/zsp5.zory.pl\/wp-content\/uploads\/2025\/12\/hool.mp4?_=1\" \/><a href=\"http:\/\/zsp5.zory.pl\/wp-content\/uploads\/2025\/12\/hool.mp4\">http:\/\/zsp5.zory.pl\/wp-content\/uploads\/2025\/12\/hool.mp4<\/a><\/video><\/div>\n<\/div>\n<\/div>\n<\/div>\n<\/div>\n<\/div>\n<div dir=\"ltr\">Zlot Samorz\u0105d\u00f3w Uczniowskich w \u017borach- relacja<\/div>\n<div class=\"yj6qo\"><\/div>\n<div class=\"adL\"><\/div>\n<\/div>\n<\/div>\n<\/div>\n<div id=\":qz\" class=\"hq gt\"><\/div>\n","protected":false},"excerpt":{"rendered":"<p>Kochani! To ju\u017c II Zlot Samorz\u0105d\u00f3w Uczniowskich w \u017borach. SP 13 dzi\u0119kujemy za zaproszenie! Zostali\u015bmy fantastycznie ugoszczeni, a przedstawiciele naszego samorz\u0105du kolejny raz mogli wymieni\u0107 si\u0119 do\u015bwiadczeniami z uczniami z ca\u0142ych \u017bor. Wsp\u00f3\u0142pracowali\u015bmy, bawili\u015bmy si\u0119 i zacie\u015bniali\u015bmy wi\u0119zi. Mamy ju\u017c pomys\u0142y na kolejne wsp\u00f3lne akcje! Zlot Samorz\u0105d\u00f3w Uczniowskich w \u017borach- relacja<\/p>\n","protected":false},"author":13,"featured_media":0,"comment_status":"closed","ping_status":"open","sticky":false,"template":"","format":"standard","meta":{"_et_pb_use_builder":"","_et_pb_old_content":"","_et_gb_content_width":"","footnotes":""},"categories":[186],"tags":[],"class_list":["post-1086905","post","type-post","status-publish","format-standard","hentry","category-samorzad-uczniowski"],"_links":{"self":[{"href":"https:\/\/zsp5.zory.pl\/index.php?rest_route=\/wp\/v2\/posts\/1086905","targetHints":{"allow":["GET"]}}],"collection":[{"href":"https:\/\/zsp5.zory.pl\/index.php?rest_route=\/wp\/v2\/posts"}],"about":[{"href":"https:\/\/zsp5.zory.pl\/index.php?rest_route=\/wp\/v2\/types\/post"}],"author":[{"embeddable":true,"href":"https:\/\/zsp5.zory.pl\/index.php?rest_route=\/wp\/v2\/users\/13"}],"replies":[{"embeddable":true,"href":"https:\/\/zsp5.zory.pl\/index.php?rest_route=%2Fwp%2Fv2%2Fcomments&post=1086905"}],"version-history":[{"count":1,"href":"https:\/\/zsp5.zory.pl\/index.php?rest_route=\/wp\/v2\/posts\/1086905\/revisions"}],"predecessor-version":[{"id":1086908,"href":"https:\/\/zsp5.zory.pl\/index.php?rest_route=\/wp\/v2\/posts\/1086905\/revisions\/1086908"}],"wp:attachment":[{"href":"https:\/\/zsp5.zory.pl\/index.php?rest_route=%2Fwp%2Fv2%2Fmedia&parent=1086905"}],"wp:term":[{"taxonomy":"category","embeddable":true,"href":"https:\/\/zsp5.zory.pl\/index.php?rest_route=%2Fwp%2Fv2%2Fcategories&post=1086905"},{"taxonomy":"post_tag","embeddable":true,"href":"https:\/\/zsp5.zory.pl\/index.php?rest_route=%2Fwp%2Fv2%2Ftags&post=1086905"}],"curies":[{"name":"wp","href":"https:\/\/api.w.org\/{rel}","templated":true}]}}