{"id":1086898,"date":"2025-12-08T20:06:01","date_gmt":"2025-12-08T19:06:01","guid":{"rendered":"https:\/\/zsp5.zory.pl\/?p=1086898"},"modified":"2025-12-08T20:06:01","modified_gmt":"2025-12-08T19:06:01","slug":"akcja-pozytywna-uwaga-4","status":"publish","type":"post","link":"https:\/\/zsp5.zory.pl\/?p=1086898","title":{"rendered":"Akcja \u201ePozytywna Uwaga\u201d"},"content":{"rendered":"<p>Akcja \u201ePozytywna Uwaga\u201d w naszej szkole to ju\u017c tradycja. Ca\u0142y listopad staramy si\u0119 w wyj\u0105tkowy spos\u00f3b prze\u017cy\u0107 ten trudny czas. Tydzie\u0144 \u017byczliwo\u015bci, akcje charytatywne, Dzie\u0144 Pluszowego Misia oraz dyskoteka andrzejkowa \u2014 to wszystko sprawi\u0142o, \u017ce nawet nie zd\u0105\u017cyli\u015bmy pomy\u015ble\u0107 o jesiennej melancholii, a ju\u017c mamy grudzie\u0144 i \u015bnieg dooko\u0142a.<\/p>\n<p>Zawsze prosimy naszych uczni\u00f3w, aby napisali do siebie co\u015b mi\u0142ego, a nauczycieli \u2014 aby wystawili pozytywne uwagi w dzienniku. Oto efekt naszych dzia\u0142a\u0144!<\/p>\n<p>Komentarzy i pomocnych uwag by\u0142o mn\u00f3stwo, oto niekt\u00f3re z nich:<\/p>\n<div style=\"width: 1080px;\" class=\"wp-video\"><video class=\"wp-video-shortcode\" id=\"video-1086898-1\" width=\"1080\" height=\"608\" preload=\"metadata\" controls=\"controls\"><source type=\"video\/mp4\" src=\"http:\/\/zsp5.zory.pl\/wp-content\/uploads\/2025\/12\/Pozytywna-uwaga-1.mp4?_=1\" \/><a href=\"http:\/\/zsp5.zory.pl\/wp-content\/uploads\/2025\/12\/Pozytywna-uwaga-1.mp4\">http:\/\/zsp5.zory.pl\/wp-content\/uploads\/2025\/12\/Pozytywna-uwaga-1.mp4<\/a><\/video><\/div>\n<p>Akcja \u201ePozytywna Uwaga\u201d- prezentacja<\/p>\n","protected":false},"excerpt":{"rendered":"<p>Akcja \u201ePozytywna Uwaga\u201d w naszej szkole to ju\u017c tradycja. Ca\u0142y listopad staramy si\u0119 w wyj\u0105tkowy spos\u00f3b prze\u017cy\u0107 ten trudny czas. Tydzie\u0144 \u017byczliwo\u015bci, akcje charytatywne, Dzie\u0144 Pluszowego Misia oraz dyskoteka andrzejkowa \u2014 to wszystko sprawi\u0142o, \u017ce nawet nie zd\u0105\u017cyli\u015bmy pomy\u015ble\u0107 o jesiennej melancholii, a ju\u017c mamy grudzie\u0144 i \u015bnieg dooko\u0142a. Zawsze prosimy naszych uczni\u00f3w, aby napisali [&hellip;]<\/p>\n","protected":false},"author":13,"featured_media":0,"comment_status":"closed","ping_status":"open","sticky":false,"template":"","format":"standard","meta":{"_et_pb_use_builder":"","_et_pb_old_content":"","_et_gb_content_width":"","footnotes":""},"categories":[186],"tags":[],"class_list":["post-1086898","post","type-post","status-publish","format-standard","hentry","category-samorzad-uczniowski"],"_links":{"self":[{"href":"https:\/\/zsp5.zory.pl\/index.php?rest_route=\/wp\/v2\/posts\/1086898","targetHints":{"allow":["GET"]}}],"collection":[{"href":"https:\/\/zsp5.zory.pl\/index.php?rest_route=\/wp\/v2\/posts"}],"about":[{"href":"https:\/\/zsp5.zory.pl\/index.php?rest_route=\/wp\/v2\/types\/post"}],"author":[{"embeddable":true,"href":"https:\/\/zsp5.zory.pl\/index.php?rest_route=\/wp\/v2\/users\/13"}],"replies":[{"embeddable":true,"href":"https:\/\/zsp5.zory.pl\/index.php?rest_route=%2Fwp%2Fv2%2Fcomments&post=1086898"}],"version-history":[{"count":1,"href":"https:\/\/zsp5.zory.pl\/index.php?rest_route=\/wp\/v2\/posts\/1086898\/revisions"}],"predecessor-version":[{"id":1086900,"href":"https:\/\/zsp5.zory.pl\/index.php?rest_route=\/wp\/v2\/posts\/1086898\/revisions\/1086900"}],"wp:attachment":[{"href":"https:\/\/zsp5.zory.pl\/index.php?rest_route=%2Fwp%2Fv2%2Fmedia&parent=1086898"}],"wp:term":[{"taxonomy":"category","embeddable":true,"href":"https:\/\/zsp5.zory.pl\/index.php?rest_route=%2Fwp%2Fv2%2Fcategories&post=1086898"},{"taxonomy":"post_tag","embeddable":true,"href":"https:\/\/zsp5.zory.pl\/index.php?rest_route=%2Fwp%2Fv2%2Ftags&post=1086898"}],"curies":[{"name":"wp","href":"https:\/\/api.w.org\/{rel}","templated":true}]}}