{"id":1086885,"date":"2025-12-03T10:16:07","date_gmt":"2025-12-03T09:16:07","guid":{"rendered":"https:\/\/zsp5.zory.pl\/?p=1086885"},"modified":"2025-12-09T09:28:36","modified_gmt":"2025-12-09T08:28:36","slug":"opieka-wakacyjna-2026r-w-przedszkolu-nr-12","status":"publish","type":"post","link":"https:\/\/zsp5.zory.pl\/?p=1086885","title":{"rendered":"Opieka wakacyjna 2026r w Przedszkolu nr 12"},"content":{"rendered":"<div id=\":r4\" class=\"Am aiL Al editable LW-avf tS-tW tS-tY\" role=\"textbox\" aria-label=\"Tre\u015b\u0107 wiadomo\u015bci\" aria-controls=\":163\" aria-expanded=\"false\">\n<div class=\"gmail-x11i5rnm gmail-xat24cr gmail-x1mh8g0r gmail-x1vvkbs gmail-xtlvy1s gmail-x126k92a\">\n<p dir=\"auto\">W zwi\u0105zku z planowaniem organizacji pracy plac\u00f3wki w miesi\u0105cach lipiec i sierpie\u0144 2026r., informujemy, \u017ce Przedszkole nr 12 b\u0119dzie pe\u0142ni\u0142o opiek\u0119 wakacyjn\u0105 w terminie 06.07.2026 \u2013 14.08.2026<\/p>\n<\/div>\n<div class=\"gmail-x11i5rnm gmail-xat24cr gmail-x1mh8g0r gmail-x1vvkbs gmail-xtlvy1s gmail-x126k92a\">\n<p dir=\"auto\">Plac\u00f3wka dysponowa\u0107 b\u0119dzie 50 miejscami + 10 miejsc z listy rezerwowej. Pierwsze\u0144stwo w zapisach b\u0119d\u0105 mia\u0142y dzieci z naszego przedszkola, termin rejestracji przez stron\u0119 internetow\u0105, zostanie podany w kwietniu. Za\u0142\u0105czamy r\u00f3wnie\u017c harmonogram pracy przedszkoli w naszym mie\u015bcie.<\/p>\n<\/div>\n<\/div>\n<p><img decoding=\"async\" class=\"alignnone size-full wp-image-1086880\" src=\"http:\/\/zsp5.zory.pl\/wp-content\/uploads\/2025\/12\/image0032.tif\" alt=\"\" \/><img decoding=\"async\" src=\"http:\/\/zsp5.zory.pl\/wp-content\/uploads\/2025\/12\/image0032.jpg\" \/><\/p>\n","protected":false},"excerpt":{"rendered":"<p>W zwi\u0105zku z planowaniem organizacji pracy plac\u00f3wki w miesi\u0105cach lipiec i sierpie\u0144 2026r., informujemy, \u017ce Przedszkole nr 12 b\u0119dzie pe\u0142ni\u0142o opiek\u0119 wakacyjn\u0105 w terminie 06.07.2026 \u2013 14.08.2026 Plac\u00f3wka dysponowa\u0107 b\u0119dzie 50 miejscami + 10 miejsc z listy rezerwowej. Pierwsze\u0144stwo w zapisach b\u0119d\u0105 mia\u0142y dzieci z naszego przedszkola, termin rejestracji przez stron\u0119 internetow\u0105, zostanie podany w [&hellip;]<\/p>\n","protected":false},"author":6,"featured_media":0,"comment_status":"closed","ping_status":"open","sticky":false,"template":"","format":"standard","meta":{"_et_pb_use_builder":"","_et_pb_old_content":"","_et_gb_content_width":"","footnotes":""},"categories":[2,4,39,267],"tags":[],"class_list":["post-1086885","post","type-post","status-publish","format-standard","hentry","category-aktualnosci","category-grupy_aktualnosci","category-komunikat-specjalny","category-przedszkole-nr-12"],"_links":{"self":[{"href":"https:\/\/zsp5.zory.pl\/index.php?rest_route=\/wp\/v2\/posts\/1086885","targetHints":{"allow":["GET"]}}],"collection":[{"href":"https:\/\/zsp5.zory.pl\/index.php?rest_route=\/wp\/v2\/posts"}],"about":[{"href":"https:\/\/zsp5.zory.pl\/index.php?rest_route=\/wp\/v2\/types\/post"}],"author":[{"embeddable":true,"href":"https:\/\/zsp5.zory.pl\/index.php?rest_route=\/wp\/v2\/users\/6"}],"replies":[{"embeddable":true,"href":"https:\/\/zsp5.zory.pl\/index.php?rest_route=%2Fwp%2Fv2%2Fcomments&post=1086885"}],"version-history":[{"count":4,"href":"https:\/\/zsp5.zory.pl\/index.php?rest_route=\/wp\/v2\/posts\/1086885\/revisions"}],"predecessor-version":[{"id":1086890,"href":"https:\/\/zsp5.zory.pl\/index.php?rest_route=\/wp\/v2\/posts\/1086885\/revisions\/1086890"}],"wp:attachment":[{"href":"https:\/\/zsp5.zory.pl\/index.php?rest_route=%2Fwp%2Fv2%2Fmedia&parent=1086885"}],"wp:term":[{"taxonomy":"category","embeddable":true,"href":"https:\/\/zsp5.zory.pl\/index.php?rest_route=%2Fwp%2Fv2%2Fcategories&post=1086885"},{"taxonomy":"post_tag","embeddable":true,"href":"https:\/\/zsp5.zory.pl\/index.php?rest_route=%2Fwp%2Fv2%2Ftags&post=1086885"}],"curies":[{"name":"wp","href":"https:\/\/api.w.org\/{rel}","templated":true}]}}