{"id":1086877,"date":"2025-11-28T16:32:55","date_gmt":"2025-11-28T15:32:55","guid":{"rendered":"https:\/\/zsp5.zory.pl\/?p=1086877"},"modified":"2025-12-01T16:37:31","modified_gmt":"2025-12-01T15:37:31","slug":"tydzien-pasji-i-zawodow","status":"publish","type":"post","link":"https:\/\/zsp5.zory.pl\/?p=1086877","title":{"rendered":"Tydzie\u0144 Pasji i Zawod\u00f3w"},"content":{"rendered":"<div class=\"xdj266r x14z9mp xat24cr x1lziwak x1vvkbs x126k92a\">\n<div dir=\"auto\"><span style=\"color: #000000;\">W ubieg\u0142ym tygodniu \u015bwi\u0119towali\u015bmy w naszej szkole Tydzie\u0144 Pasji i Zawod\u00f3w \u2013 wydarzenie, kt\u00f3re doda\u0142o nam ogromu pozytywnej energii! By\u0142o aktywnie, ciekawie i przede wszystkim niezwykle inspiruj\u0105co.<\/span><\/div>\n<\/div>\n<div class=\"x14z9mp xat24cr x1lziwak x1vvkbs xtlvy1s x126k92a\">\n<div dir=\"auto\"><span style=\"color: #000000;\">Przez ca\u0142y tydzie\u0144 go\u015bcili\u015bmy wyj\u0105tkowych ludzi, kt\u00f3rzy pokazali nam, \u017ce pasja i zaw\u00f3d mog\u0105 tworzy\u0107 idealny duet. Ka\u017cde spotkanie by\u0142o nie tylko lekcj\u0105, ale tak\u017ce pi\u0119kn\u0105 histori\u0105 o marzeniach, odwadze i wytrwa\u0142o\u015bci.<\/span><\/div>\n<\/div>\n<div class=\"x14z9mp xat24cr x1lziwak x1vvkbs xtlvy1s x126k92a\">\n<div dir=\"auto\"><span style=\"color: #000000;\">Odwiedzili nas:<\/span><\/div>\n<\/div>\n<div class=\"x14z9mp xat24cr x1lziwak x1vvkbs xtlvy1s x126k92a\">\n<ul>\n<li><span style=\"color: #000000;\">Pani Daria Szmelik \u2013 pisarka, autorka ksi\u0105\u017cek dla dzieci,<\/span><\/li>\n<li><span style=\"color: #000000;\">Pan Grzegorz Pisarek z uczniami klasy medycznej \u2013 ratownik medyczny, nauczyciel ZSO Paw\u0142owic,<\/span><\/li>\n<li><span style=\"color: #000000;\">Pszczelarka Pani Ewa Kolarczyk oraz koordynator MOK Ko\u0142a pszczelarzy pan Grzegorz Granek,<\/span><\/li>\n<li dir=\"auto\"><span style=\"color: #000000;\">\u00a0Pani Joanna Burc \u2013 terapeutka, prezentuj\u0105ca asperoterapi\u0119 (terapi\u0119 ze \u015blimakiem),<\/span><\/li>\n<li dir=\"auto\"><span style=\"color: #000000;\">\u00a0Pan Micha\u0142 G\u0105sior \u2013 mi\u0142o\u015bnik paralotniarstwa,<\/span><\/li>\n<li dir=\"auto\"><span style=\"color: #000000;\">\u00a0Pan Adam Kurpas \u2013 podr\u00f3\u017cnik, odkrywca \u015bwiata i Ameryki,<\/span><\/li>\n<li dir=\"auto\"><span style=\"color: #000000;\">\u00a0Pan Krzysztof Mentlik \u2013 pasjonat tenisa ziemnego,<\/span><\/li>\n<li dir=\"auto\"><span style=\"color: #000000;\">\u00a0Pan Maciej Paszek \u2013 nurek, instruktor nurkowania,<\/span><\/li>\n<li dir=\"auto\"><span style=\"color: #000000;\">\u00a0Pan Krzysztof Ma\u0144ski \u2013 organizator i zawodnik rajd\u00f3w przygodowych,<\/span><\/li>\n<li dir=\"auto\"><span style=\"color: #000000;\">\u00a0Pani Ma\u0142gorzata Kubica \u2013 nauczycielka jogi.<\/span><\/li>\n<\/ul>\n<\/div>\n<div class=\"x14z9mp xat24cr x1lziwak x1vvkbs xtlvy1s x126k92a\">\n<div dir=\"auto\"><span style=\"color: #000000;\">Z ca\u0142ego serca dzi\u0119kujemy wszystkim go\u015bciom za czas, u\u015bmiech i inspiracje. Dzi\u0119ki Wam uczniowie mogli zobaczy\u0107, jak r\u00f3\u017cnorodne i fascynuj\u0105ce mog\u0105 by\u0107 \u017cyciowe \u015bcie\u017cki.<\/span><\/div>\n<\/div>\n","protected":false},"excerpt":{"rendered":"<p>W ubieg\u0142ym tygodniu \u015bwi\u0119towali\u015bmy w naszej szkole Tydzie\u0144 Pasji i Zawod\u00f3w \u2013 wydarzenie, kt\u00f3re doda\u0142o nam ogromu pozytywnej energii! By\u0142o aktywnie, ciekawie i przede wszystkim niezwykle inspiruj\u0105co. Przez ca\u0142y tydzie\u0144 go\u015bcili\u015bmy wyj\u0105tkowych ludzi, kt\u00f3rzy pokazali nam, \u017ce pasja i zaw\u00f3d mog\u0105 tworzy\u0107 idealny duet. Ka\u017cde spotkanie by\u0142o nie tylko lekcj\u0105, ale tak\u017ce pi\u0119kn\u0105 histori\u0105 o [&hellip;]<\/p>\n","protected":false},"author":11,"featured_media":0,"comment_status":"closed","ping_status":"open","sticky":false,"template":"","format":"standard","meta":{"_et_pb_use_builder":"","_et_pb_old_content":"","_et_gb_content_width":"","footnotes":""},"categories":[2],"tags":[],"class_list":["post-1086877","post","type-post","status-publish","format-standard","hentry","category-aktualnosci"],"_links":{"self":[{"href":"https:\/\/zsp5.zory.pl\/index.php?rest_route=\/wp\/v2\/posts\/1086877","targetHints":{"allow":["GET"]}}],"collection":[{"href":"https:\/\/zsp5.zory.pl\/index.php?rest_route=\/wp\/v2\/posts"}],"about":[{"href":"https:\/\/zsp5.zory.pl\/index.php?rest_route=\/wp\/v2\/types\/post"}],"author":[{"embeddable":true,"href":"https:\/\/zsp5.zory.pl\/index.php?rest_route=\/wp\/v2\/users\/11"}],"replies":[{"embeddable":true,"href":"https:\/\/zsp5.zory.pl\/index.php?rest_route=%2Fwp%2Fv2%2Fcomments&post=1086877"}],"version-history":[{"count":1,"href":"https:\/\/zsp5.zory.pl\/index.php?rest_route=\/wp\/v2\/posts\/1086877\/revisions"}],"predecessor-version":[{"id":1086878,"href":"https:\/\/zsp5.zory.pl\/index.php?rest_route=\/wp\/v2\/posts\/1086877\/revisions\/1086878"}],"wp:attachment":[{"href":"https:\/\/zsp5.zory.pl\/index.php?rest_route=%2Fwp%2Fv2%2Fmedia&parent=1086877"}],"wp:term":[{"taxonomy":"category","embeddable":true,"href":"https:\/\/zsp5.zory.pl\/index.php?rest_route=%2Fwp%2Fv2%2Fcategories&post=1086877"},{"taxonomy":"post_tag","embeddable":true,"href":"https:\/\/zsp5.zory.pl\/index.php?rest_route=%2Fwp%2Fv2%2Ftags&post=1086877"}],"curies":[{"name":"wp","href":"https:\/\/api.w.org\/{rel}","templated":true}]}}