{"id":1086868,"date":"2025-11-30T12:07:48","date_gmt":"2025-11-30T11:07:48","guid":{"rendered":"https:\/\/zsp5.zory.pl\/?p=1086868"},"modified":"2025-11-30T12:08:57","modified_gmt":"2025-11-30T11:08:57","slug":"tydzien-zyczliwosci-4","status":"publish","type":"post","link":"https:\/\/zsp5.zory.pl\/?p=1086868","title":{"rendered":"Tydzie\u0144 \u017byczliwo\u015bci"},"content":{"rendered":"<div class=\"xdj266r x14z9mp xat24cr x1lziwak x1vvkbs x126k92a\">\n<div dir=\"auto\">Tydzie\u0144 \u017byczliwo\u015bci za nami!<\/div>\n<\/div>\n<div class=\"x14z9mp xat24cr x1lziwak x1vvkbs xtlvy1s x126k92a\">\n<div dir=\"auto\">Oto kr\u00f3tkie podsumowanie. Szko\u0142a i przedszkole po\u0142\u0105czy\u0142y si\u0142y w akcji \u201eFioletowe Love\u201d. Jeszcze raz pragniemy podzi\u0119kowa\u0107 wszystkim za wsparcie.<\/div>\n<\/div>\n<div class=\"x14z9mp xat24cr x1lziwak x1vvkbs xtlvy1s x126k92a\">\n<div dir=\"auto\">Ca\u0142y tydzie\u0144 uczniowie starali si\u0119 obdarowywa\u0107 siebie \u017cyczliwo\u015bci\u0105 oraz mi\u0142ymi s\u0142owami. Wsp\u00f3lnie ta\u0144czyli\u015bmy i okazywali\u015bmy sobie wzajemn\u0105 sympati\u0119. Dzi\u0119kujemy wszystkim za udzia\u0142 w akcji!<\/div>\n<div dir=\"auto\">Fotorelacja na naszym FB: https:\/\/www.facebook.com\/100085906780262\/videos\/1369535018239677?locale=pl_PL<\/div>\n<\/div>\n","protected":false},"excerpt":{"rendered":"<p>Tydzie\u0144 \u017byczliwo\u015bci za nami! Oto kr\u00f3tkie podsumowanie. Szko\u0142a i przedszkole po\u0142\u0105czy\u0142y si\u0142y w akcji \u201eFioletowe Love\u201d. Jeszcze raz pragniemy podzi\u0119kowa\u0107 wszystkim za wsparcie. Ca\u0142y tydzie\u0144 uczniowie starali si\u0119 obdarowywa\u0107 siebie \u017cyczliwo\u015bci\u0105 oraz mi\u0142ymi s\u0142owami. Wsp\u00f3lnie ta\u0144czyli\u015bmy i okazywali\u015bmy sobie wzajemn\u0105 sympati\u0119. Dzi\u0119kujemy wszystkim za udzia\u0142 w akcji! Fotorelacja na naszym FB: https:\/\/www.facebook.com\/100085906780262\/videos\/1369535018239677?locale=pl_PL<\/p>\n","protected":false},"author":13,"featured_media":0,"comment_status":"closed","ping_status":"open","sticky":false,"template":"","format":"standard","meta":{"_et_pb_use_builder":"","_et_pb_old_content":"","_et_gb_content_width":"","footnotes":""},"categories":[186],"tags":[],"class_list":["post-1086868","post","type-post","status-publish","format-standard","hentry","category-samorzad-uczniowski"],"_links":{"self":[{"href":"https:\/\/zsp5.zory.pl\/index.php?rest_route=\/wp\/v2\/posts\/1086868","targetHints":{"allow":["GET"]}}],"collection":[{"href":"https:\/\/zsp5.zory.pl\/index.php?rest_route=\/wp\/v2\/posts"}],"about":[{"href":"https:\/\/zsp5.zory.pl\/index.php?rest_route=\/wp\/v2\/types\/post"}],"author":[{"embeddable":true,"href":"https:\/\/zsp5.zory.pl\/index.php?rest_route=\/wp\/v2\/users\/13"}],"replies":[{"embeddable":true,"href":"https:\/\/zsp5.zory.pl\/index.php?rest_route=%2Fwp%2Fv2%2Fcomments&post=1086868"}],"version-history":[{"count":1,"href":"https:\/\/zsp5.zory.pl\/index.php?rest_route=\/wp\/v2\/posts\/1086868\/revisions"}],"predecessor-version":[{"id":1086869,"href":"https:\/\/zsp5.zory.pl\/index.php?rest_route=\/wp\/v2\/posts\/1086868\/revisions\/1086869"}],"wp:attachment":[{"href":"https:\/\/zsp5.zory.pl\/index.php?rest_route=%2Fwp%2Fv2%2Fmedia&parent=1086868"}],"wp:term":[{"taxonomy":"category","embeddable":true,"href":"https:\/\/zsp5.zory.pl\/index.php?rest_route=%2Fwp%2Fv2%2Fcategories&post=1086868"},{"taxonomy":"post_tag","embeddable":true,"href":"https:\/\/zsp5.zory.pl\/index.php?rest_route=%2Fwp%2Fv2%2Ftags&post=1086868"}],"curies":[{"name":"wp","href":"https:\/\/api.w.org\/{rel}","templated":true}]}}