{"id":1086865,"date":"2025-11-30T12:04:40","date_gmt":"2025-11-30T11:04:40","guid":{"rendered":"https:\/\/zsp5.zory.pl\/?p=1086865"},"modified":"2025-11-30T12:04:40","modified_gmt":"2025-11-30T11:04:40","slug":"dzien-pluszowego-misia-3","status":"publish","type":"post","link":"https:\/\/zsp5.zory.pl\/?p=1086865","title":{"rendered":"Dzie\u0144 Pluszowego Misia"},"content":{"rendered":"<p>W tym roku biblioteka szkolna i samorz\u0105d uczniowski zaprosili naszych uczni\u00f3w do obchod\u00f3w Dnia Pluszowego Misia. Uczniowie mogli przynie\u015b\u0107 swoje ulubione maskotki lub przebra\u0107 si\u0119 za pluszaki. W bibliotece rozdawane by\u0142y karty pracy dla fan\u00f3w \u015bwi\u0119ta, a po korytarzach przechadza\u0142y si\u0119 Teletubisie oraz inne kolorowe postacie.<\/p>\n<div style=\"width: 1080px;\" class=\"wp-video\"><video class=\"wp-video-shortcode\" id=\"video-1086865-1\" width=\"1080\" height=\"608\" preload=\"metadata\" controls=\"controls\"><source type=\"video\/mp4\" src=\"http:\/\/zsp5.zory.pl\/wp-content\/uploads\/2025\/11\/Dzien-Pluszowego-Misia.mp4?_=1\" \/><a href=\"http:\/\/zsp5.zory.pl\/wp-content\/uploads\/2025\/11\/Dzien-Pluszowego-Misia.mp4\">http:\/\/zsp5.zory.pl\/wp-content\/uploads\/2025\/11\/Dzien-Pluszowego-Misia.mp4<\/a><\/video><\/div>\n<p>Dzie\u0144 Pluszowego Misia-fotorelacja<\/p>\n","protected":false},"excerpt":{"rendered":"<p>W tym roku biblioteka szkolna i samorz\u0105d uczniowski zaprosili naszych uczni\u00f3w do obchod\u00f3w Dnia Pluszowego Misia. Uczniowie mogli przynie\u015b\u0107 swoje ulubione maskotki lub przebra\u0107 si\u0119 za pluszaki. W bibliotece rozdawane by\u0142y karty pracy dla fan\u00f3w \u015bwi\u0119ta, a po korytarzach przechadza\u0142y si\u0119 Teletubisie oraz inne kolorowe postacie. Dzie\u0144 Pluszowego Misia-fotorelacja<\/p>\n","protected":false},"author":13,"featured_media":0,"comment_status":"closed","ping_status":"open","sticky":false,"template":"","format":"standard","meta":{"_et_pb_use_builder":"","_et_pb_old_content":"","_et_gb_content_width":"","footnotes":""},"categories":[186],"tags":[551,234,337,228],"class_list":["post-1086865","post","type-post","status-publish","format-standard","hentry","category-samorzad-uczniowski","tag-dzien-pluszowego-misia","tag-integracja","tag-podsumowanie","tag-su"],"_links":{"self":[{"href":"https:\/\/zsp5.zory.pl\/index.php?rest_route=\/wp\/v2\/posts\/1086865","targetHints":{"allow":["GET"]}}],"collection":[{"href":"https:\/\/zsp5.zory.pl\/index.php?rest_route=\/wp\/v2\/posts"}],"about":[{"href":"https:\/\/zsp5.zory.pl\/index.php?rest_route=\/wp\/v2\/types\/post"}],"author":[{"embeddable":true,"href":"https:\/\/zsp5.zory.pl\/index.php?rest_route=\/wp\/v2\/users\/13"}],"replies":[{"embeddable":true,"href":"https:\/\/zsp5.zory.pl\/index.php?rest_route=%2Fwp%2Fv2%2Fcomments&post=1086865"}],"version-history":[{"count":1,"href":"https:\/\/zsp5.zory.pl\/index.php?rest_route=\/wp\/v2\/posts\/1086865\/revisions"}],"predecessor-version":[{"id":1086867,"href":"https:\/\/zsp5.zory.pl\/index.php?rest_route=\/wp\/v2\/posts\/1086865\/revisions\/1086867"}],"wp:attachment":[{"href":"https:\/\/zsp5.zory.pl\/index.php?rest_route=%2Fwp%2Fv2%2Fmedia&parent=1086865"}],"wp:term":[{"taxonomy":"category","embeddable":true,"href":"https:\/\/zsp5.zory.pl\/index.php?rest_route=%2Fwp%2Fv2%2Fcategories&post=1086865"},{"taxonomy":"post_tag","embeddable":true,"href":"https:\/\/zsp5.zory.pl\/index.php?rest_route=%2Fwp%2Fv2%2Ftags&post=1086865"}],"curies":[{"name":"wp","href":"https:\/\/api.w.org\/{rel}","templated":true}]}}