{"id":1086839,"date":"2025-11-18T19:02:01","date_gmt":"2025-11-18T18:02:01","guid":{"rendered":"https:\/\/zsp5.zory.pl\/?p=1086839"},"modified":"2025-11-19T19:02:29","modified_gmt":"2025-11-19T18:02:29","slug":"tydzien-pasji","status":"publish","type":"post","link":"https:\/\/zsp5.zory.pl\/?p=1086839","title":{"rendered":"Tydzie\u0144 Pasji"},"content":{"rendered":"<div class=\"xdj266r x14z9mp xat24cr x1lziwak x1vvkbs x126k92a\">\n<div dir=\"auto\"><span style=\"color: #000000;\">W tym tygodniu nasi uczniowie spotykaj\u0105 si\u0119 z wyj\u0105tkowymi go\u015b\u0107mi, kt\u00f3rzy opowiadaj\u0105 o swoich pasjach i hobby. My r\u00f3wnie\u017c chcemy zaprezentowa\u0107 talent z naszej szkolnej spo\u0142eczno\u015bci!<\/span><\/div>\n<\/div>\n<div class=\"x14z9mp xat24cr x1lziwak x1vvkbs xtlvy1s x126k92a\">\n<div dir=\"auto\"><span style=\"color: #000000;\">Z ogromn\u0105 dum\u0105 przedstawiamy Micha\u0142a z klasy 4b \u2013 ucznia o niezwyk\u0142ej pasji i wielkim talencie do rysunku i malarstwa. Jego prace zachwycaj\u0105 dok\u0142adno\u015bci\u0105, wra\u017cliwo\u015bci\u0105 i kreatywno\u015bci\u0105. Galeri\u0119 jego prac oraz wywiad, w kt\u00f3rym Micha\u0142 opowiada o tym, sk\u0105d czerpie inspiracje, jak zacz\u0119\u0142a si\u0119 jego przygoda ze sztuk\u0105 i jakie ma marzenia na przysz\u0142o\u015b\u0107 mo\u017cna obejrze\u0107 na profilu Facebooka.<\/span><\/div>\n<\/div>\n<div class=\"x14z9mp xat24cr x1lziwak x1vvkbs xtlvy1s x126k92a\">\n<div dir=\"auto\"><span style=\"color: #000000;\">Brawo, Micha\u0142! Jeste\u015bmy dumni, \u017ce mamy w\u015br\u00f3d nas tak utalentowanego m\u0142odego artyst\u0119!<\/span><\/div>\n<\/div>\n","protected":false},"excerpt":{"rendered":"<p>W tym tygodniu nasi uczniowie spotykaj\u0105 si\u0119 z wyj\u0105tkowymi go\u015b\u0107mi, kt\u00f3rzy opowiadaj\u0105 o swoich pasjach i hobby. My r\u00f3wnie\u017c chcemy zaprezentowa\u0107 talent z naszej szkolnej spo\u0142eczno\u015bci! Z ogromn\u0105 dum\u0105 przedstawiamy Micha\u0142a z klasy 4b \u2013 ucznia o niezwyk\u0142ej pasji i wielkim talencie do rysunku i malarstwa. Jego prace zachwycaj\u0105 dok\u0142adno\u015bci\u0105, wra\u017cliwo\u015bci\u0105 i kreatywno\u015bci\u0105. Galeri\u0119 jego [&hellip;]<\/p>\n","protected":false},"author":11,"featured_media":0,"comment_status":"closed","ping_status":"open","sticky":false,"template":"","format":"standard","meta":{"_et_pb_use_builder":"","_et_pb_old_content":"","_et_gb_content_width":"","footnotes":""},"categories":[2],"tags":[],"class_list":["post-1086839","post","type-post","status-publish","format-standard","hentry","category-aktualnosci"],"_links":{"self":[{"href":"https:\/\/zsp5.zory.pl\/index.php?rest_route=\/wp\/v2\/posts\/1086839","targetHints":{"allow":["GET"]}}],"collection":[{"href":"https:\/\/zsp5.zory.pl\/index.php?rest_route=\/wp\/v2\/posts"}],"about":[{"href":"https:\/\/zsp5.zory.pl\/index.php?rest_route=\/wp\/v2\/types\/post"}],"author":[{"embeddable":true,"href":"https:\/\/zsp5.zory.pl\/index.php?rest_route=\/wp\/v2\/users\/11"}],"replies":[{"embeddable":true,"href":"https:\/\/zsp5.zory.pl\/index.php?rest_route=%2Fwp%2Fv2%2Fcomments&post=1086839"}],"version-history":[{"count":1,"href":"https:\/\/zsp5.zory.pl\/index.php?rest_route=\/wp\/v2\/posts\/1086839\/revisions"}],"predecessor-version":[{"id":1086840,"href":"https:\/\/zsp5.zory.pl\/index.php?rest_route=\/wp\/v2\/posts\/1086839\/revisions\/1086840"}],"wp:attachment":[{"href":"https:\/\/zsp5.zory.pl\/index.php?rest_route=%2Fwp%2Fv2%2Fmedia&parent=1086839"}],"wp:term":[{"taxonomy":"category","embeddable":true,"href":"https:\/\/zsp5.zory.pl\/index.php?rest_route=%2Fwp%2Fv2%2Fcategories&post=1086839"},{"taxonomy":"post_tag","embeddable":true,"href":"https:\/\/zsp5.zory.pl\/index.php?rest_route=%2Fwp%2Fv2%2Ftags&post=1086839"}],"curies":[{"name":"wp","href":"https:\/\/api.w.org\/{rel}","templated":true}]}}