{"id":1086837,"date":"2025-11-19T18:00:20","date_gmt":"2025-11-19T17:00:20","guid":{"rendered":"https:\/\/zsp5.zory.pl\/?p=1086837"},"modified":"2025-11-19T19:04:17","modified_gmt":"2025-11-19T18:04:17","slug":"tydzien-zyczliwosci-2","status":"publish","type":"post","link":"https:\/\/zsp5.zory.pl\/?p=1086837","title":{"rendered":"Tydzie\u0144 \u017byczliwo\u015bci"},"content":{"rendered":"<div class=\"xdj266r x14z9mp xat24cr x1lziwak x1vvkbs x126k92a\">\n<div dir=\"auto\"><span style=\"color: #000000;\">W naszej szkole obchodzimy Tydzie\u0144 \u017byczliwo\u015bci &#8211; czas, w kt\u00f3rym zwracamy uwag\u0119 na to, jak wa\u017cne s\u0105 dobre s\u0142owa, wdzi\u0119czno\u015b\u0107 i serdeczne gesty. To doskona\u0142y moment, by zatrzyma\u0107 si\u0119 na chwil\u0119 i pomy\u015ble\u0107 o tych, kt\u00f3rzy ucz\u0105 nas mi\u0142o\u015bci od pierwszego dnia.<\/span><\/div>\n<\/div>\n<div class=\"x14z9mp xat24cr x1lziwak x1vvkbs xtlvy1s x126k92a\">\n<div dir=\"auto\"><span style=\"color: #000000;\">Dlatego zapytali\u015bmy naszych uczni\u00f3w o dwie szczeg\u00f3lne osoby w ich \u017cyciu \u2014 mam\u0119 i tat\u0119.<\/span><\/div>\n<\/div>\n<div class=\"x14z9mp xat24cr x1lziwak x1vvkbs xtlvy1s x126k92a\">\n<div dir=\"auto\"><span style=\"color: #000000;\">Zapraszamy do obejrzenia naszego filmiku, kt\u00f3ry zosta\u0142 zamieszczony na profilu Facebooka \u2014 niech te odpowiedzi b\u0119d\u0105 pi\u0119knym przypomnieniem, jak wielk\u0105 rol\u0119 rodzice odgrywaj\u0105 w \u017cyciu ka\u017cdego dziecka. Bo \u017cyczliwo\u015b\u0107 zaczyna si\u0119 od najprostszych s\u0142\u00f3w: dzi\u0119kuj\u0119, kocham, doceniam.<\/span><\/div>\n<\/div>\n","protected":false},"excerpt":{"rendered":"<p>W naszej szkole obchodzimy Tydzie\u0144 \u017byczliwo\u015bci &#8211; czas, w kt\u00f3rym zwracamy uwag\u0119 na to, jak wa\u017cne s\u0105 dobre s\u0142owa, wdzi\u0119czno\u015b\u0107 i serdeczne gesty. To doskona\u0142y moment, by zatrzyma\u0107 si\u0119 na chwil\u0119 i pomy\u015ble\u0107 o tych, kt\u00f3rzy ucz\u0105 nas mi\u0142o\u015bci od pierwszego dnia. Dlatego zapytali\u015bmy naszych uczni\u00f3w o dwie szczeg\u00f3lne osoby w ich \u017cyciu \u2014 mam\u0119 [&hellip;]<\/p>\n","protected":false},"author":11,"featured_media":0,"comment_status":"closed","ping_status":"open","sticky":false,"template":"","format":"standard","meta":{"_et_pb_use_builder":"","_et_pb_old_content":"","_et_gb_content_width":"","footnotes":""},"categories":[2],"tags":[],"class_list":["post-1086837","post","type-post","status-publish","format-standard","hentry","category-aktualnosci"],"_links":{"self":[{"href":"https:\/\/zsp5.zory.pl\/index.php?rest_route=\/wp\/v2\/posts\/1086837","targetHints":{"allow":["GET"]}}],"collection":[{"href":"https:\/\/zsp5.zory.pl\/index.php?rest_route=\/wp\/v2\/posts"}],"about":[{"href":"https:\/\/zsp5.zory.pl\/index.php?rest_route=\/wp\/v2\/types\/post"}],"author":[{"embeddable":true,"href":"https:\/\/zsp5.zory.pl\/index.php?rest_route=\/wp\/v2\/users\/11"}],"replies":[{"embeddable":true,"href":"https:\/\/zsp5.zory.pl\/index.php?rest_route=%2Fwp%2Fv2%2Fcomments&post=1086837"}],"version-history":[{"count":1,"href":"https:\/\/zsp5.zory.pl\/index.php?rest_route=\/wp\/v2\/posts\/1086837\/revisions"}],"predecessor-version":[{"id":1086838,"href":"https:\/\/zsp5.zory.pl\/index.php?rest_route=\/wp\/v2\/posts\/1086837\/revisions\/1086838"}],"wp:attachment":[{"href":"https:\/\/zsp5.zory.pl\/index.php?rest_route=%2Fwp%2Fv2%2Fmedia&parent=1086837"}],"wp:term":[{"taxonomy":"category","embeddable":true,"href":"https:\/\/zsp5.zory.pl\/index.php?rest_route=%2Fwp%2Fv2%2Fcategories&post=1086837"},{"taxonomy":"post_tag","embeddable":true,"href":"https:\/\/zsp5.zory.pl\/index.php?rest_route=%2Fwp%2Fv2%2Ftags&post=1086837"}],"curies":[{"name":"wp","href":"https:\/\/api.w.org\/{rel}","templated":true}]}}