{"id":1086835,"date":"2025-11-19T18:59:03","date_gmt":"2025-11-19T17:59:03","guid":{"rendered":"https:\/\/zsp5.zory.pl\/?p=1086835"},"modified":"2025-11-19T19:04:06","modified_gmt":"2025-11-19T18:04:06","slug":"miedzynarodowy-dzien-przeciwdzialania-przemocy-wobec-dzieci-2","status":"publish","type":"post","link":"https:\/\/zsp5.zory.pl\/?p=1086835","title":{"rendered":"Mi\u0119dzynarodowy Dzie\u0144 Przeciwdzia\u0142ania Przemocy wobec Dzieci"},"content":{"rendered":"<div class=\"xdj266r x14z9mp xat24cr x1lziwak x1vvkbs x126k92a\">\n<div dir=\"auto\"><span style=\"color: #000000;\">19 LISTOPADA \u2013 Mi\u0119dzynarodowy Dzie\u0144 Przeciwdzia\u0142ania Przemocy wobec Dzieci<\/span><\/div>\n<div dir=\"auto\"><span style=\"color: #000000;\">To r\u00f3wnie\u017c fina\u0142 og\u00f3lnopolskiej kampanii \u201eDzieci\u0144stwo bez przemocy\u201d, w kt\u00f3rej Zesp\u00f3\u0142 Szkolno-Przedszkolny nr 5 w \u017borach ju\u017c po raz drugi wzi\u0105\u0142 aktywny udzia\u0142. Dzi\u015b o godzinie 17:00 w ca\u0142ej Polsce, jako znak sprzeciwu wobec krzywdzenia najm\u0142odszych, budynki i obiekty architektoniczne ponownie rozb\u0142ysn\u0119\u0142y czerwonym \u015bwiat\u0142em.<\/span><\/div>\n<\/div>\n<div class=\"x14z9mp xat24cr x1lziwak x1vvkbs xtlvy1s x126k92a\">\n<div dir=\"auto\"><span style=\"color: #000000;\">Nasza szko\u0142a r\u00f3wnie\u017c do\u0142\u0105czy\u0142a do tej inicjatywy \u2013 bo solidaryzujemy si\u0119 z ka\u017cdym dzieckiem i g\u0142o\u015bno m\u00f3wimy NIE przemocy. W tym roku w ramach kampanii zrealizowali\u015bmy liczne dzia\u0142ania edukacyjne dla dzieci, m\u0142odzie\u017cy oraz rodzic\u00f3w, aby wzmacnia\u0107 \u015bwiadomo\u015b\u0107, uczy\u0107 reagowania i rozwija\u0107 kompetencje, kt\u00f3re pomagaj\u0105 budowa\u0107 bezpieczne relacje. Wierzymy, \u017ce dobre dzieci\u0144stwo to fundament szcz\u0119\u015bliwego i zdrowego \u017cycia. Razem mo\u017cemy tworzy\u0107 \u015bwiat, w kt\u00f3rym ka\u017cde dziecko dorasta otoczone szacunkiem, wsparciem i mi\u0142o\u015bci\u0105. Wsp\u00f3lnie budujemy rzeczywisto\u015b\u0107, w kt\u00f3rej ka\u017cde dziecko czuje si\u0119 bezpieczne i kochane!<\/span><\/div>\n<\/div>\n","protected":false},"excerpt":{"rendered":"<p>19 LISTOPADA \u2013 Mi\u0119dzynarodowy Dzie\u0144 Przeciwdzia\u0142ania Przemocy wobec Dzieci To r\u00f3wnie\u017c fina\u0142 og\u00f3lnopolskiej kampanii \u201eDzieci\u0144stwo bez przemocy\u201d, w kt\u00f3rej Zesp\u00f3\u0142 Szkolno-Przedszkolny nr 5 w \u017borach ju\u017c po raz drugi wzi\u0105\u0142 aktywny udzia\u0142. Dzi\u015b o godzinie 17:00 w ca\u0142ej Polsce, jako znak sprzeciwu wobec krzywdzenia najm\u0142odszych, budynki i obiekty architektoniczne ponownie rozb\u0142ysn\u0119\u0142y czerwonym \u015bwiat\u0142em. Nasza szko\u0142a [&hellip;]<\/p>\n","protected":false},"author":11,"featured_media":0,"comment_status":"closed","ping_status":"open","sticky":false,"template":"","format":"standard","meta":{"_et_pb_use_builder":"","_et_pb_old_content":"","_et_gb_content_width":"","footnotes":""},"categories":[2],"tags":[],"class_list":["post-1086835","post","type-post","status-publish","format-standard","hentry","category-aktualnosci"],"_links":{"self":[{"href":"https:\/\/zsp5.zory.pl\/index.php?rest_route=\/wp\/v2\/posts\/1086835","targetHints":{"allow":["GET"]}}],"collection":[{"href":"https:\/\/zsp5.zory.pl\/index.php?rest_route=\/wp\/v2\/posts"}],"about":[{"href":"https:\/\/zsp5.zory.pl\/index.php?rest_route=\/wp\/v2\/types\/post"}],"author":[{"embeddable":true,"href":"https:\/\/zsp5.zory.pl\/index.php?rest_route=\/wp\/v2\/users\/11"}],"replies":[{"embeddable":true,"href":"https:\/\/zsp5.zory.pl\/index.php?rest_route=%2Fwp%2Fv2%2Fcomments&post=1086835"}],"version-history":[{"count":1,"href":"https:\/\/zsp5.zory.pl\/index.php?rest_route=\/wp\/v2\/posts\/1086835\/revisions"}],"predecessor-version":[{"id":1086836,"href":"https:\/\/zsp5.zory.pl\/index.php?rest_route=\/wp\/v2\/posts\/1086835\/revisions\/1086836"}],"wp:attachment":[{"href":"https:\/\/zsp5.zory.pl\/index.php?rest_route=%2Fwp%2Fv2%2Fmedia&parent=1086835"}],"wp:term":[{"taxonomy":"category","embeddable":true,"href":"https:\/\/zsp5.zory.pl\/index.php?rest_route=%2Fwp%2Fv2%2Fcategories&post=1086835"},{"taxonomy":"post_tag","embeddable":true,"href":"https:\/\/zsp5.zory.pl\/index.php?rest_route=%2Fwp%2Fv2%2Ftags&post=1086835"}],"curies":[{"name":"wp","href":"https:\/\/api.w.org\/{rel}","templated":true}]}}