{"id":1086819,"date":"2025-11-15T21:00:47","date_gmt":"2025-11-15T20:00:47","guid":{"rendered":"https:\/\/zsp5.zory.pl\/?p=1086819"},"modified":"2025-11-15T21:03:39","modified_gmt":"2025-11-15T20:03:39","slug":"my-nie-gryziemy","status":"publish","type":"post","link":"https:\/\/zsp5.zory.pl\/?p=1086819","title":{"rendered":"&#8222;My nie gryziemy&#8221;"},"content":{"rendered":"<p><span style=\"color: #000000;\">31.10.2025 r. dzieci z grupy C, D i E wzi\u0119\u0142y udzia\u0142 w akcji edukacyjnej pt. &#8222;My nie gryziemy&#8221;. Akcja zosta\u0142 zorganizowana przez Fundacj\u0119 Ewy Naworol. Trenerka przedstawi\u0142a dzieciom dwa psy. Dzieci obserwowa\u0142y elementy szkolenia oraz spos\u00f3b nagradzania zwierz\u0105t. Dzieci dowiedzia\u0142y si\u0119, jak dba\u0107 o zwierz\u0119ta i jak \u015bwiadomie si\u0119 nimi opiekowa\u0107. Na zako\u0144czenie zaj\u0119\u0107 przedszkolaki obejrza\u0142y film dotycz\u0105cy odpowiedniego zachowania podczas spotkania z nieznajomym psem. Dzieci z ogromnym zaanga\u017cowaniem uczestniczy\u0142y w zaj\u0119ciach. Dzi\u0119kujemy<\/span> <span class=\"html-span xdj266r x14z9mp xat24cr x1lziwak xexx8yu xyri2b x18d9i69 x1c1uobl x1hl2dhg x16tdsg8 x1vvkbs\"><a class=\"x1i10hfl xjbqb8w x1ejq31n x18oe1m7 x1sy0etr xstzfhl x972fbf x10w94by x1qhh985 x14e42zd x9f619 x1ypdohk xt0psk2 x3ct3a4 xdj266r x14z9mp xat24cr x1lziwak xexx8yu xyri2b x18d9i69 x1c1uobl x16tdsg8 x1hl2dhg xggy1nq x1a2a7pz xkrqix3 x1sur9pj x1fey0fg x1s688f\" tabindex=\"0\" role=\"link\" href=\"https:\/\/www.facebook.com\/myniegryziemy?__cft__[0]=AZXva4cQ2sdzARKWD_5ADJHqESI6FGJdj5vWMR1MDoE1x6Qp0tbFfIIQqg2umBfdGDemObS01jLMAcoEmwnvQRhOfe3XEYmHuOkLcrOpNxCPnAyWQ_pm7IiTV4BEPASIQE0U9sP9p8vfXueWRK74dGnyqd_f-PxkjtZLQVmmonuoWqWTDB6_CzO1NPSKByBg9VQ&amp;__tn__=-]K-R\"><span class=\"xt0psk2\"><span class=\"xjp7ctv\">Fundacja Ewy Naworol<\/span><\/span><\/a><\/span><\/p>\n","protected":false},"excerpt":{"rendered":"<p>31.10.2025 r. dzieci z grupy C, D i E wzi\u0119\u0142y udzia\u0142 w akcji edukacyjnej pt. &#8222;My nie gryziemy&#8221;. Akcja zosta\u0142 zorganizowana przez Fundacj\u0119 Ewy Naworol. Trenerka przedstawi\u0142a dzieciom dwa psy. Dzieci obserwowa\u0142y elementy szkolenia oraz spos\u00f3b nagradzania zwierz\u0105t. Dzieci dowiedzia\u0142y si\u0119, jak dba\u0107 o zwierz\u0119ta i jak \u015bwiadomie si\u0119 nimi opiekowa\u0107. Na zako\u0144czenie zaj\u0119\u0107 przedszkolaki [&hellip;]<\/p>\n","protected":false},"author":11,"featured_media":0,"comment_status":"closed","ping_status":"open","sticky":false,"template":"","format":"standard","meta":{"_et_pb_use_builder":"","_et_pb_old_content":"","_et_gb_content_width":"","footnotes":""},"categories":[4],"tags":[],"class_list":["post-1086819","post","type-post","status-publish","format-standard","hentry","category-grupy_aktualnosci"],"_links":{"self":[{"href":"https:\/\/zsp5.zory.pl\/index.php?rest_route=\/wp\/v2\/posts\/1086819","targetHints":{"allow":["GET"]}}],"collection":[{"href":"https:\/\/zsp5.zory.pl\/index.php?rest_route=\/wp\/v2\/posts"}],"about":[{"href":"https:\/\/zsp5.zory.pl\/index.php?rest_route=\/wp\/v2\/types\/post"}],"author":[{"embeddable":true,"href":"https:\/\/zsp5.zory.pl\/index.php?rest_route=\/wp\/v2\/users\/11"}],"replies":[{"embeddable":true,"href":"https:\/\/zsp5.zory.pl\/index.php?rest_route=%2Fwp%2Fv2%2Fcomments&post=1086819"}],"version-history":[{"count":1,"href":"https:\/\/zsp5.zory.pl\/index.php?rest_route=\/wp\/v2\/posts\/1086819\/revisions"}],"predecessor-version":[{"id":1086820,"href":"https:\/\/zsp5.zory.pl\/index.php?rest_route=\/wp\/v2\/posts\/1086819\/revisions\/1086820"}],"wp:attachment":[{"href":"https:\/\/zsp5.zory.pl\/index.php?rest_route=%2Fwp%2Fv2%2Fmedia&parent=1086819"}],"wp:term":[{"taxonomy":"category","embeddable":true,"href":"https:\/\/zsp5.zory.pl\/index.php?rest_route=%2Fwp%2Fv2%2Fcategories&post=1086819"},{"taxonomy":"post_tag","embeddable":true,"href":"https:\/\/zsp5.zory.pl\/index.php?rest_route=%2Fwp%2Fv2%2Ftags&post=1086819"}],"curies":[{"name":"wp","href":"https:\/\/api.w.org\/{rel}","templated":true}]}}