{"id":1086817,"date":"2025-11-15T20:59:24","date_gmt":"2025-11-15T19:59:24","guid":{"rendered":"https:\/\/zsp5.zory.pl\/?p=1086817"},"modified":"2025-11-15T21:04:26","modified_gmt":"2025-11-15T20:04:26","slug":"konkurs-historia-baranowic-kiedys-i-dzis","status":"publish","type":"post","link":"https:\/\/zsp5.zory.pl\/?p=1086817","title":{"rendered":"Konkurs \u201eHistoria Baranowic \u2013 kiedy\u015b i dzi\u015b"},"content":{"rendered":"<div class=\"xdj266r x14z9mp xat24cr x1lziwak x1vvkbs x126k92a\">\n<div dir=\"auto\"><span style=\"color: #000000;\">Serdecznie zapraszamy wszystkich mieszka\u0144c\u00f3w Baranowic do udzia\u0142u w wyj\u0105tkowym konkursie po\u015bwi\u0119conym naszej dzielnicy! Wystarczy wype\u0142ni\u0107 ankiet\u0119 konkursow\u0105:<\/span><\/div>\n<\/div>\n<div class=\"x14z9mp xat24cr x1lziwak x1vvkbs xtlvy1s x126k92a\">\n<div dir=\"auto\"><span class=\"html-span xdj266r x14z9mp xat24cr x1lziwak xexx8yu xyri2b x18d9i69 x1c1uobl x1hl2dhg x16tdsg8 x1vvkbs\"><a class=\"x1i10hfl xjbqb8w x1ejq31n x18oe1m7 x1sy0etr xstzfhl x972fbf x10w94by x1qhh985 x14e42zd x9f619 x1ypdohk xt0psk2 x3ct3a4 xdj266r x14z9mp xat24cr x1lziwak xexx8yu xyri2b x18d9i69 x1c1uobl x16tdsg8 x1hl2dhg xggy1nq x1a2a7pz xkrqix3 x1sur9pj x1fey0fg x1s688f\" tabindex=\"0\" role=\"link\" href=\"https:\/\/l.facebook.com\/l.php?u=https%3A%2F%2Fforms.gle%2FfVw3cZBqoUPeSWnq6%3Ffbclid%3DIwZXh0bgNhZW0CMTAAYnJpZBExZ2dqYzR6cTZaZjlSR1NldnNydGMGYXBwX2lkEDIyMjAzOTE3ODgyMDA4OTIIY2FsbHNpdGUBMgABHnDs5q_Pjdtx9iRXF1fVKVjGQ8Whm1G4a-2LKzDLNCzj4POjE349TiYdRRWK_aem_oqEVUIlM7WDms7kr4_n-bA%26brid%3DaH2DE5x5wwjB7KYBUIQFHQ&amp;h=AT2Jnnlo5ez2issuib-fYLFH-OMMqSnihFl4VCoNcFmLeZufC7-b9umtLOelRHWemKzAwAM_qEP7BTXOXLVcWjVkvThec6PJfeoAa0f6tgPIVlZK2kMoVR4UL-dGRWhVsy4uVXG0pivVkMMz&amp;__tn__=-UK-R&amp;c[0]=AT2j7XRbgBgRBpARrC43IJfmNocXwgUzKiY4wvvnMcRn1y3RqcDZZr9CF6hiOrq99XvW6eiGgCstcLtEIMId9zsUn0OArs7V4KTZl2MKC4z2nmfgv48oa05mIhGF1aJ2zsHwtbiFPqS8BOFSTFNi3k74W88zv2a00apitNTww-mPuv_mlC4k15CprmNkrXhaQu31a4dDKsUjtcYOgT7mlOa7MT2UV8k\" target=\"_blank\" rel=\"nofollow noopener noreferrer\">https:\/\/forms.gle\/fVw3cZBqoUPeSWnq6<\/a><\/span><\/div>\n<\/div>\n<div class=\"x14z9mp xat24cr x1lziwak x1vvkbs xtlvy1s x126k92a\">\n<div dir=\"auto\"><span style=\"color: #000000;\">Celem konkursu jest:<\/span><\/div>\n<div dir=\"auto\"><span style=\"color: #000000;\">\u2013 poznanie historii Baranowic,<\/span><\/div>\n<div dir=\"auto\"><span style=\"color: #000000;\">\u2013 odkrycie ciekawostek o wsp\u00f3\u0142czesnych Baranowicach,<\/span><\/div>\n<div dir=\"auto\"><span style=\"color: #000000;\">\u2013 pog\u0142\u0119bienie wiedzy o naszej \u201ema\u0142ej Ojczy\u017anie\u201d,<\/span><\/div>\n<div dir=\"auto\"><span style=\"color: #000000;\">\u2013 kszta\u0142towanie lokalnego patriotyzmu<\/span><\/div>\n<\/div>\n<div class=\"x14z9mp xat24cr x1lziwak x1vvkbs xtlvy1s x126k92a\">\n<div dir=\"auto\"><span style=\"color: #000000;\">Termin wype\u0142nienia ankiety: do 19 listopada 2025 r. Og\u0142oszenie wynik\u00f3w i wr\u0119czenie nagr\u00f3d: 21 listopada 2025 r. podczas obchod\u00f3w Dnia Baranowic. Fundatorem nagr\u00f3d jest pomys\u0142odawca konkursu \u2013 Krzysztof Mentlik, Radny Rady Miasta \u017bory. <\/span><\/div>\n<div dir=\"auto\"><span style=\"color: #000000;\">Organizatorzy:<\/span><\/div>\n<\/div>\n<div class=\"x14z9mp xat24cr x1lziwak x1vvkbs xtlvy1s x126k92a\">\n<div dir=\"auto\"><span class=\"html-span xdj266r x14z9mp xat24cr x1lziwak xexx8yu xyri2b x18d9i69 x1c1uobl x1hl2dhg x16tdsg8 x1vvkbs\"><a class=\"x1i10hfl xjbqb8w x1ejq31n x18oe1m7 x1sy0etr xstzfhl x972fbf x10w94by x1qhh985 x14e42zd x9f619 x1ypdohk xt0psk2 x3ct3a4 xdj266r x14z9mp xat24cr x1lziwak xexx8yu xyri2b x18d9i69 x1c1uobl x16tdsg8 x1hl2dhg xggy1nq x1a2a7pz xkrqix3 x1sur9pj x1fey0fg x1s688f\" tabindex=\"0\" role=\"link\" href=\"https:\/\/www.facebook.com\/profile.php?id=100085906780262&amp;__cft__[0]=AZWbXpTDxrlSdMlWHQuxz9UNuVJY4vze8HHl4ZTvctqfxPS2OJcJdZB5mDCr536r2E_ousnEiP6fLbi27ebuYcnOhc5yFpw3tbZxs_k_Qr5sYPS91JUbn5FgXiXQ8_bsuIp_VRgJNxrohtetZUfKqZamZYxjfsnPWc60oFcoqiNO-UPFry378x_4StDwVDuvxlgb0syoAzRqRZqI9n3j4GtC&amp;__tn__=-]K-R\"><span class=\"xt0psk2\"><span class=\"xjp7ctv\">Zesp\u00f3\u0142 Szkolno-Przedszkolny nr 5 w \u017borach<\/span><\/span><\/a><\/span><\/div>\n<\/div>\n<div class=\"x14z9mp xat24cr x1lziwak x1vvkbs xtlvy1s x126k92a\">\n<div dir=\"auto\"><span class=\"html-span xdj266r x14z9mp xat24cr x1lziwak xexx8yu xyri2b x18d9i69 x1c1uobl x1hl2dhg x16tdsg8 x1vvkbs\"><a class=\"x1i10hfl xjbqb8w x1ejq31n x18oe1m7 x1sy0etr xstzfhl x972fbf x10w94by x1qhh985 x14e42zd x9f619 x1ypdohk xt0psk2 x3ct3a4 xdj266r x14z9mp xat24cr x1lziwak xexx8yu xyri2b x18d9i69 x1c1uobl x16tdsg8 x1hl2dhg xggy1nq x1a2a7pz xkrqix3 x1sur9pj x1fey0fg x1s688f\" tabindex=\"0\" role=\"link\" href=\"https:\/\/www.facebook.com\/krzysztof.mentlik.9?__cft__[0]=AZWbXpTDxrlSdMlWHQuxz9UNuVJY4vze8HHl4ZTvctqfxPS2OJcJdZB5mDCr536r2E_ousnEiP6fLbi27ebuYcnOhc5yFpw3tbZxs_k_Qr5sYPS91JUbn5FgXiXQ8_bsuIp_VRgJNxrohtetZUfKqZamZYxjfsnPWc60oFcoqiNO-UPFry378x_4StDwVDuvxlgb0syoAzRqRZqI9n3j4GtC&amp;__tn__=-]K-R\"><span class=\"xt0psk2\"><span class=\"xjp7ctv\">Krzysztof Mentlik<\/span><\/span><\/a><\/span> <span style=\"color: #000000;\">&#8211; Radny Rady Miasta \u017bory.<\/span><\/div>\n<\/div>\n<div class=\"x14z9mp xat24cr x1lziwak x1vvkbs xtlvy1s x126k92a\">\n<div dir=\"auto\"><span style=\"color: #000000;\">Do\u0142\u0105cz i sprawd\u017a, jak dobrze znasz histori\u0119 swojego miejsca!<\/span><\/div>\n<\/div>\n","protected":false},"excerpt":{"rendered":"<p>Serdecznie zapraszamy wszystkich mieszka\u0144c\u00f3w Baranowic do udzia\u0142u w wyj\u0105tkowym konkursie po\u015bwi\u0119conym naszej dzielnicy! Wystarczy wype\u0142ni\u0107 ankiet\u0119 konkursow\u0105: https:\/\/forms.gle\/fVw3cZBqoUPeSWnq6 Celem konkursu jest: \u2013 poznanie historii Baranowic, \u2013 odkrycie ciekawostek o wsp\u00f3\u0142czesnych Baranowicach, \u2013 pog\u0142\u0119bienie wiedzy o naszej \u201ema\u0142ej Ojczy\u017anie\u201d, \u2013 kszta\u0142towanie lokalnego patriotyzmu Termin wype\u0142nienia ankiety: do 19 listopada 2025 r. Og\u0142oszenie wynik\u00f3w i wr\u0119czenie nagr\u00f3d: [&hellip;]<\/p>\n","protected":false},"author":11,"featured_media":0,"comment_status":"closed","ping_status":"open","sticky":false,"template":"","format":"standard","meta":{"_et_pb_use_builder":"","_et_pb_old_content":"","_et_gb_content_width":"","footnotes":""},"categories":[2,4],"tags":[],"class_list":["post-1086817","post","type-post","status-publish","format-standard","hentry","category-aktualnosci","category-grupy_aktualnosci"],"_links":{"self":[{"href":"https:\/\/zsp5.zory.pl\/index.php?rest_route=\/wp\/v2\/posts\/1086817","targetHints":{"allow":["GET"]}}],"collection":[{"href":"https:\/\/zsp5.zory.pl\/index.php?rest_route=\/wp\/v2\/posts"}],"about":[{"href":"https:\/\/zsp5.zory.pl\/index.php?rest_route=\/wp\/v2\/types\/post"}],"author":[{"embeddable":true,"href":"https:\/\/zsp5.zory.pl\/index.php?rest_route=\/wp\/v2\/users\/11"}],"replies":[{"embeddable":true,"href":"https:\/\/zsp5.zory.pl\/index.php?rest_route=%2Fwp%2Fv2%2Fcomments&post=1086817"}],"version-history":[{"count":1,"href":"https:\/\/zsp5.zory.pl\/index.php?rest_route=\/wp\/v2\/posts\/1086817\/revisions"}],"predecessor-version":[{"id":1086818,"href":"https:\/\/zsp5.zory.pl\/index.php?rest_route=\/wp\/v2\/posts\/1086817\/revisions\/1086818"}],"wp:attachment":[{"href":"https:\/\/zsp5.zory.pl\/index.php?rest_route=%2Fwp%2Fv2%2Fmedia&parent=1086817"}],"wp:term":[{"taxonomy":"category","embeddable":true,"href":"https:\/\/zsp5.zory.pl\/index.php?rest_route=%2Fwp%2Fv2%2Fcategories&post=1086817"},{"taxonomy":"post_tag","embeddable":true,"href":"https:\/\/zsp5.zory.pl\/index.php?rest_route=%2Fwp%2Fv2%2Ftags&post=1086817"}],"curies":[{"name":"wp","href":"https:\/\/api.w.org\/{rel}","templated":true}]}}