{"id":1086813,"date":"2025-11-11T18:25:26","date_gmt":"2025-11-11T17:25:26","guid":{"rendered":"https:\/\/zsp5.zory.pl\/?p=1086813"},"modified":"2025-11-13T18:27:30","modified_gmt":"2025-11-13T17:27:30","slug":"obchody-swieta-niepodleglosci","status":"publish","type":"post","link":"https:\/\/zsp5.zory.pl\/?p=1086813","title":{"rendered":"Obchody \u015awi\u0119ta Niepodleg\u0142o\u015bci"},"content":{"rendered":"<div class=\"xdj266r x14z9mp xat24cr x1lziwak x1vvkbs x126k92a\">\n<div dir=\"auto\"><span style=\"color: #000000;\">Jak co roku, 11 listopada uczniowie naszej szko\u0142y uczestniczyli w miejskich obchodach \u015awi\u0119ta Niepodleg\u0142o\u015bci. By\u0142o to doskona\u0142\u0105 okazj\u0105, aby uczci\u0107 107. rocznic\u0119 odzyskania przez Polsk\u0119 niepodleg\u0142o\u015bci. Poczet sztandarowy w sk\u0142adzie: Oliwia Pyrek, Alicja Tokarczyk i Piotr Osyra.<\/span><\/div>\n<\/div>\n","protected":false},"excerpt":{"rendered":"<p>Jak co roku, 11 listopada uczniowie naszej szko\u0142y uczestniczyli w miejskich obchodach \u015awi\u0119ta Niepodleg\u0142o\u015bci. By\u0142o to doskona\u0142\u0105 okazj\u0105, aby uczci\u0107 107. rocznic\u0119 odzyskania przez Polsk\u0119 niepodleg\u0142o\u015bci. Poczet sztandarowy w sk\u0142adzie: Oliwia Pyrek, Alicja Tokarczyk i Piotr Osyra.<\/p>\n","protected":false},"author":11,"featured_media":0,"comment_status":"closed","ping_status":"open","sticky":false,"template":"","format":"standard","meta":{"_et_pb_use_builder":"","_et_pb_old_content":"","_et_gb_content_width":"","footnotes":""},"categories":[2],"tags":[],"class_list":["post-1086813","post","type-post","status-publish","format-standard","hentry","category-aktualnosci"],"_links":{"self":[{"href":"https:\/\/zsp5.zory.pl\/index.php?rest_route=\/wp\/v2\/posts\/1086813","targetHints":{"allow":["GET"]}}],"collection":[{"href":"https:\/\/zsp5.zory.pl\/index.php?rest_route=\/wp\/v2\/posts"}],"about":[{"href":"https:\/\/zsp5.zory.pl\/index.php?rest_route=\/wp\/v2\/types\/post"}],"author":[{"embeddable":true,"href":"https:\/\/zsp5.zory.pl\/index.php?rest_route=\/wp\/v2\/users\/11"}],"replies":[{"embeddable":true,"href":"https:\/\/zsp5.zory.pl\/index.php?rest_route=%2Fwp%2Fv2%2Fcomments&post=1086813"}],"version-history":[{"count":1,"href":"https:\/\/zsp5.zory.pl\/index.php?rest_route=\/wp\/v2\/posts\/1086813\/revisions"}],"predecessor-version":[{"id":1086814,"href":"https:\/\/zsp5.zory.pl\/index.php?rest_route=\/wp\/v2\/posts\/1086813\/revisions\/1086814"}],"wp:attachment":[{"href":"https:\/\/zsp5.zory.pl\/index.php?rest_route=%2Fwp%2Fv2%2Fmedia&parent=1086813"}],"wp:term":[{"taxonomy":"category","embeddable":true,"href":"https:\/\/zsp5.zory.pl\/index.php?rest_route=%2Fwp%2Fv2%2Fcategories&post=1086813"},{"taxonomy":"post_tag","embeddable":true,"href":"https:\/\/zsp5.zory.pl\/index.php?rest_route=%2Fwp%2Fv2%2Ftags&post=1086813"}],"curies":[{"name":"wp","href":"https:\/\/api.w.org\/{rel}","templated":true}]}}