{"id":1086810,"date":"2025-11-12T18:24:34","date_gmt":"2025-11-12T17:24:34","guid":{"rendered":"https:\/\/zsp5.zory.pl\/?p=1086810"},"modified":"2025-11-13T18:25:06","modified_gmt":"2025-11-13T17:25:06","slug":"pociag-do-wolnosci","status":"publish","type":"post","link":"https:\/\/zsp5.zory.pl\/?p=1086810","title":{"rendered":"Poci\u0105g do wolno\u015bci"},"content":{"rendered":"<div class=\"xdj266r x14z9mp xat24cr x1lziwak x1vvkbs x126k92a\">\n<div dir=\"auto\"><span style=\"color: #000000;\">12. listopada w naszej szkole odby\u0142a si\u0119 uroczysta akademia z okazji Narodowego \u015awi\u0119ta Niepodleg\u0142o\u015bci!<\/span><\/div>\n<div dir=\"auto\"><span style=\"color: #000000;\">Uczniowie klas 4a i 4b zabrali nas w niezwyk\u0142\u0105 podr\u00f3\u017c poci\u0105giem przez histori\u0119 Polski.<\/span><\/div>\n<\/div>\n<div class=\"x14z9mp xat24cr x1lziwak x1vvkbs xtlvy1s x126k92a\">\n<div dir=\"auto\"><span style=\"color: #000000;\">Poci\u0105g zatrzymywa\u0142 si\u0119 na stacjach: \u201eNiewola\u201d, \u201ePowstania\u201d, \u201eI wojna \u015bwiatowa\u201d i wreszcie \u201eWolno\u015b\u0107\u201d \u2013 symbolicznie ukazuj\u0105c trudn\u0105 drog\u0119 naszego narodu do niepodleg\u0142o\u015bci.<\/span><\/div>\n<\/div>\n<div class=\"x14z9mp xat24cr x1lziwak x1vvkbs xtlvy1s x126k92a\">\n<div dir=\"auto\"><span style=\"color: #000000;\">By\u0142a to pi\u0119kna lekcja historii, patriotyzmu i mi\u0142o\u015bci do Ojczyzny.\u00a0<\/span><\/div>\n<div dir=\"auto\"><span style=\"color: #000000;\">Dzi\u0119kujemy wszystkim, kt\u00f3rzy pomogli w przygotowaniu tego wyj\u0105tkowego wydarzenia!<\/span><\/div>\n<\/div>\n","protected":false},"excerpt":{"rendered":"<p>12. listopada w naszej szkole odby\u0142a si\u0119 uroczysta akademia z okazji Narodowego \u015awi\u0119ta Niepodleg\u0142o\u015bci! Uczniowie klas 4a i 4b zabrali nas w niezwyk\u0142\u0105 podr\u00f3\u017c poci\u0105giem przez histori\u0119 Polski. Poci\u0105g zatrzymywa\u0142 si\u0119 na stacjach: \u201eNiewola\u201d, \u201ePowstania\u201d, \u201eI wojna \u015bwiatowa\u201d i wreszcie \u201eWolno\u015b\u0107\u201d \u2013 symbolicznie ukazuj\u0105c trudn\u0105 drog\u0119 naszego narodu do niepodleg\u0142o\u015bci. By\u0142a to pi\u0119kna lekcja historii, [&hellip;]<\/p>\n","protected":false},"author":11,"featured_media":0,"comment_status":"closed","ping_status":"open","sticky":false,"template":"","format":"standard","meta":{"_et_pb_use_builder":"","_et_pb_old_content":"","_et_gb_content_width":"","footnotes":""},"categories":[2],"tags":[],"class_list":["post-1086810","post","type-post","status-publish","format-standard","hentry","category-aktualnosci"],"_links":{"self":[{"href":"https:\/\/zsp5.zory.pl\/index.php?rest_route=\/wp\/v2\/posts\/1086810","targetHints":{"allow":["GET"]}}],"collection":[{"href":"https:\/\/zsp5.zory.pl\/index.php?rest_route=\/wp\/v2\/posts"}],"about":[{"href":"https:\/\/zsp5.zory.pl\/index.php?rest_route=\/wp\/v2\/types\/post"}],"author":[{"embeddable":true,"href":"https:\/\/zsp5.zory.pl\/index.php?rest_route=\/wp\/v2\/users\/11"}],"replies":[{"embeddable":true,"href":"https:\/\/zsp5.zory.pl\/index.php?rest_route=%2Fwp%2Fv2%2Fcomments&post=1086810"}],"version-history":[{"count":2,"href":"https:\/\/zsp5.zory.pl\/index.php?rest_route=\/wp\/v2\/posts\/1086810\/revisions"}],"predecessor-version":[{"id":1086812,"href":"https:\/\/zsp5.zory.pl\/index.php?rest_route=\/wp\/v2\/posts\/1086810\/revisions\/1086812"}],"wp:attachment":[{"href":"https:\/\/zsp5.zory.pl\/index.php?rest_route=%2Fwp%2Fv2%2Fmedia&parent=1086810"}],"wp:term":[{"taxonomy":"category","embeddable":true,"href":"https:\/\/zsp5.zory.pl\/index.php?rest_route=%2Fwp%2Fv2%2Fcategories&post=1086810"},{"taxonomy":"post_tag","embeddable":true,"href":"https:\/\/zsp5.zory.pl\/index.php?rest_route=%2Fwp%2Fv2%2Ftags&post=1086810"}],"curies":[{"name":"wp","href":"https:\/\/api.w.org\/{rel}","templated":true}]}}