{"id":1086797,"date":"2025-11-03T16:55:59","date_gmt":"2025-11-03T15:55:59","guid":{"rendered":"https:\/\/zsp5.zory.pl\/?p=1086797"},"modified":"2025-11-03T17:30:25","modified_gmt":"2025-11-03T16:30:25","slug":"dzien-szalonej-fryzury-5","status":"publish","type":"post","link":"https:\/\/zsp5.zory.pl\/?p=1086797","title":{"rendered":"Dzie\u0144 Szalonej Fryzury"},"content":{"rendered":"<p><strong data-start=\"243\" data-end=\"269\">Dzie\u0144 Szalonej Fryzury<\/strong> to ju\u017c nasza szkolna tradycja!<br data-start=\"300\" data-end=\"303\" \/>Tego dnia kreatywno\u015b\u0107 i kolory kr\u00f3luj\u0105 na szkolnych korytarzach. Uczniowie i nauczyciele zaskakuj\u0105 pomys\u0142owymi fryzurami \u2013 pe\u0142nymi barw, wst\u0105\u017cek i fantazyjnych dodatk\u00f3w.<br data-start=\"472\" data-end=\"475\" \/>Zobaczcie sami, jak weso\u0142o i kolorowo by\u0142o w naszej szkole!<\/p>\n<div style=\"width: 1080px;\" class=\"wp-video\"><video class=\"wp-video-shortcode\" id=\"video-1086797-1\" width=\"1080\" height=\"608\" preload=\"metadata\" controls=\"controls\"><source type=\"video\/mp4\" src=\"http:\/\/zsp5.zory.pl\/wp-content\/uploads\/2025\/11\/Beauty-Salon.mp4?_=1\" \/><a href=\"http:\/\/zsp5.zory.pl\/wp-content\/uploads\/2025\/11\/Beauty-Salon.mp4\">http:\/\/zsp5.zory.pl\/wp-content\/uploads\/2025\/11\/Beauty-Salon.mp4<\/a><\/video><\/div>\n<p>Fotorelacja z <strong data-start=\"243\" data-end=\"269\">DniaSzalonej Fryzury<\/strong><\/p>\n","protected":false},"excerpt":{"rendered":"<p>Dzie\u0144 Szalonej Fryzury to ju\u017c nasza szkolna tradycja!Tego dnia kreatywno\u015b\u0107 i kolory kr\u00f3luj\u0105 na szkolnych korytarzach. Uczniowie i nauczyciele zaskakuj\u0105 pomys\u0142owymi fryzurami \u2013 pe\u0142nymi barw, wst\u0105\u017cek i fantazyjnych dodatk\u00f3w.Zobaczcie sami, jak weso\u0142o i kolorowo by\u0142o w naszej szkole! Fotorelacja z DniaSzalonej Fryzury<\/p>\n","protected":false},"author":13,"featured_media":0,"comment_status":"closed","ping_status":"open","sticky":false,"template":"","format":"standard","meta":{"_et_pb_use_builder":"","_et_pb_old_content":"","_et_gb_content_width":"","footnotes":""},"categories":[186],"tags":[],"class_list":["post-1086797","post","type-post","status-publish","format-standard","hentry","category-samorzad-uczniowski"],"_links":{"self":[{"href":"https:\/\/zsp5.zory.pl\/index.php?rest_route=\/wp\/v2\/posts\/1086797","targetHints":{"allow":["GET"]}}],"collection":[{"href":"https:\/\/zsp5.zory.pl\/index.php?rest_route=\/wp\/v2\/posts"}],"about":[{"href":"https:\/\/zsp5.zory.pl\/index.php?rest_route=\/wp\/v2\/types\/post"}],"author":[{"embeddable":true,"href":"https:\/\/zsp5.zory.pl\/index.php?rest_route=\/wp\/v2\/users\/13"}],"replies":[{"embeddable":true,"href":"https:\/\/zsp5.zory.pl\/index.php?rest_route=%2Fwp%2Fv2%2Fcomments&post=1086797"}],"version-history":[{"count":2,"href":"https:\/\/zsp5.zory.pl\/index.php?rest_route=\/wp\/v2\/posts\/1086797\/revisions"}],"predecessor-version":[{"id":1086803,"href":"https:\/\/zsp5.zory.pl\/index.php?rest_route=\/wp\/v2\/posts\/1086797\/revisions\/1086803"}],"wp:attachment":[{"href":"https:\/\/zsp5.zory.pl\/index.php?rest_route=%2Fwp%2Fv2%2Fmedia&parent=1086797"}],"wp:term":[{"taxonomy":"category","embeddable":true,"href":"https:\/\/zsp5.zory.pl\/index.php?rest_route=%2Fwp%2Fv2%2Fcategories&post=1086797"},{"taxonomy":"post_tag","embeddable":true,"href":"https:\/\/zsp5.zory.pl\/index.php?rest_route=%2Fwp%2Fv2%2Ftags&post=1086797"}],"curies":[{"name":"wp","href":"https:\/\/api.w.org\/{rel}","templated":true}]}}