{"id":1086687,"date":"2025-10-26T16:48:04","date_gmt":"2025-10-26T15:48:04","guid":{"rendered":"https:\/\/zsp5.zory.pl\/?p=1086687"},"modified":"2025-10-26T16:48:04","modified_gmt":"2025-10-26T15:48:04","slug":"dzien-edukacji-narodowej","status":"publish","type":"post","link":"https:\/\/zsp5.zory.pl\/?p=1086687","title":{"rendered":"Dzie\u0144 Edukacji Narodowej"},"content":{"rendered":"<p>Z okazji Dnia Edukacji Narodowej przygotowali\u015bmy dla naszych nauczycieli i uczni\u00f3w co\u015b wyj\u0105tkowego \u2013 specjalne korony, kt\u00f3re mia\u0142y przypomina\u0107 o ich wyj\u0105tkowej roli w naszej szkolnej spo\u0142eczno\u015bci!\u00a0<br data-start=\"334\" data-end=\"337\" \/>Zobaczcie sami, jak kreatywnie uczniowie i nauczyciele w\u0142\u0105czyli si\u0119 w zabaw\u0119 i wsp\u00f3lne \u015bwi\u0119towanie tego dnia!<\/p>\n<p>https:\/\/www.facebook.com\/100085906780262\/videos\/1463740158251072?locale=pl_PL<\/p>\n<p>&nbsp;<\/p>\n","protected":false},"excerpt":{"rendered":"<p>Z okazji Dnia Edukacji Narodowej przygotowali\u015bmy dla naszych nauczycieli i uczni\u00f3w co\u015b wyj\u0105tkowego \u2013 specjalne korony, kt\u00f3re mia\u0142y przypomina\u0107 o ich wyj\u0105tkowej roli w naszej szkolnej spo\u0142eczno\u015bci!\u00a0Zobaczcie sami, jak kreatywnie uczniowie i nauczyciele w\u0142\u0105czyli si\u0119 w zabaw\u0119 i wsp\u00f3lne \u015bwi\u0119towanie tego dnia! https:\/\/www.facebook.com\/100085906780262\/videos\/1463740158251072?locale=pl_PL &nbsp;<\/p>\n","protected":false},"author":13,"featured_media":0,"comment_status":"closed","ping_status":"open","sticky":false,"template":"","format":"standard","meta":{"_et_pb_use_builder":"","_et_pb_old_content":"","_et_gb_content_width":"","footnotes":""},"categories":[186],"tags":[],"class_list":["post-1086687","post","type-post","status-publish","format-standard","hentry","category-samorzad-uczniowski"],"_links":{"self":[{"href":"https:\/\/zsp5.zory.pl\/index.php?rest_route=\/wp\/v2\/posts\/1086687","targetHints":{"allow":["GET"]}}],"collection":[{"href":"https:\/\/zsp5.zory.pl\/index.php?rest_route=\/wp\/v2\/posts"}],"about":[{"href":"https:\/\/zsp5.zory.pl\/index.php?rest_route=\/wp\/v2\/types\/post"}],"author":[{"embeddable":true,"href":"https:\/\/zsp5.zory.pl\/index.php?rest_route=\/wp\/v2\/users\/13"}],"replies":[{"embeddable":true,"href":"https:\/\/zsp5.zory.pl\/index.php?rest_route=%2Fwp%2Fv2%2Fcomments&post=1086687"}],"version-history":[{"count":1,"href":"https:\/\/zsp5.zory.pl\/index.php?rest_route=\/wp\/v2\/posts\/1086687\/revisions"}],"predecessor-version":[{"id":1086688,"href":"https:\/\/zsp5.zory.pl\/index.php?rest_route=\/wp\/v2\/posts\/1086687\/revisions\/1086688"}],"wp:attachment":[{"href":"https:\/\/zsp5.zory.pl\/index.php?rest_route=%2Fwp%2Fv2%2Fmedia&parent=1086687"}],"wp:term":[{"taxonomy":"category","embeddable":true,"href":"https:\/\/zsp5.zory.pl\/index.php?rest_route=%2Fwp%2Fv2%2Fcategories&post=1086687"},{"taxonomy":"post_tag","embeddable":true,"href":"https:\/\/zsp5.zory.pl\/index.php?rest_route=%2Fwp%2Fv2%2Ftags&post=1086687"}],"curies":[{"name":"wp","href":"https:\/\/api.w.org\/{rel}","templated":true}]}}