{"id":1086684,"date":"2025-10-20T17:00:30","date_gmt":"2025-10-20T15:00:30","guid":{"rendered":"https:\/\/zsp5.zory.pl\/?p=1086684"},"modified":"2025-10-20T17:03:00","modified_gmt":"2025-10-20T15:03:00","slug":"jesienne-warsztaty-sensoplastyczne","status":"publish","type":"post","link":"https:\/\/zsp5.zory.pl\/?p=1086684","title":{"rendered":",,Jesienne warsztaty Sensoplastyczne&#8221;"},"content":{"rendered":"<p><span style=\"color: #000000;\">W minion\u0105 \u015brod\u0119 w naszym przedszkolu odby\u0142y si\u0119 ,,Jesienne warsztaty Sensoplastyczne&#8221; zorganizowane przez Rad\u0119 Rodzic\u00f3w. Ca\u0142y doch\u00f3d uzyskany z warsztat\u00f3w zasili\u0142 konto Rady Rodzic\u00f3w i zostanie przeznaczony na potrzeby przedszkola. Serdecznie dzi\u0119kujemy rodzicom za zaanga\u017cowanie.<\/span><\/p>\n","protected":false},"excerpt":{"rendered":"<p>W minion\u0105 \u015brod\u0119 w naszym przedszkolu odby\u0142y si\u0119 ,,Jesienne warsztaty Sensoplastyczne&#8221; zorganizowane przez Rad\u0119 Rodzic\u00f3w. Ca\u0142y doch\u00f3d uzyskany z warsztat\u00f3w zasili\u0142 konto Rady Rodzic\u00f3w i zostanie przeznaczony na potrzeby przedszkola. Serdecznie dzi\u0119kujemy rodzicom za zaanga\u017cowanie.<\/p>\n","protected":false},"author":11,"featured_media":0,"comment_status":"closed","ping_status":"open","sticky":false,"template":"","format":"standard","meta":{"_et_pb_use_builder":"","_et_pb_old_content":"","_et_gb_content_width":"","footnotes":""},"categories":[4],"tags":[],"class_list":["post-1086684","post","type-post","status-publish","format-standard","hentry","category-grupy_aktualnosci"],"_links":{"self":[{"href":"https:\/\/zsp5.zory.pl\/index.php?rest_route=\/wp\/v2\/posts\/1086684","targetHints":{"allow":["GET"]}}],"collection":[{"href":"https:\/\/zsp5.zory.pl\/index.php?rest_route=\/wp\/v2\/posts"}],"about":[{"href":"https:\/\/zsp5.zory.pl\/index.php?rest_route=\/wp\/v2\/types\/post"}],"author":[{"embeddable":true,"href":"https:\/\/zsp5.zory.pl\/index.php?rest_route=\/wp\/v2\/users\/11"}],"replies":[{"embeddable":true,"href":"https:\/\/zsp5.zory.pl\/index.php?rest_route=%2Fwp%2Fv2%2Fcomments&post=1086684"}],"version-history":[{"count":1,"href":"https:\/\/zsp5.zory.pl\/index.php?rest_route=\/wp\/v2\/posts\/1086684\/revisions"}],"predecessor-version":[{"id":1086685,"href":"https:\/\/zsp5.zory.pl\/index.php?rest_route=\/wp\/v2\/posts\/1086684\/revisions\/1086685"}],"wp:attachment":[{"href":"https:\/\/zsp5.zory.pl\/index.php?rest_route=%2Fwp%2Fv2%2Fmedia&parent=1086684"}],"wp:term":[{"taxonomy":"category","embeddable":true,"href":"https:\/\/zsp5.zory.pl\/index.php?rest_route=%2Fwp%2Fv2%2Fcategories&post=1086684"},{"taxonomy":"post_tag","embeddable":true,"href":"https:\/\/zsp5.zory.pl\/index.php?rest_route=%2Fwp%2Fv2%2Ftags&post=1086684"}],"curies":[{"name":"wp","href":"https:\/\/api.w.org\/{rel}","templated":true}]}}