{"id":1086680,"date":"2025-10-17T10:26:25","date_gmt":"2025-10-17T08:26:25","guid":{"rendered":"https:\/\/zsp5.zory.pl\/?p=1086680"},"modified":"2025-10-17T10:26:36","modified_gmt":"2025-10-17T08:26:36","slug":"dzien-drzewa","status":"publish","type":"post","link":"https:\/\/zsp5.zory.pl\/?p=1086680","title":{"rendered":"Dzie\u0144 Drzewa"},"content":{"rendered":"<p><span style=\"color: #000000;\">Co roku 10. pa\u017adziernika obchodzimy w Polsce Dzie\u0144 Drzewa, kt\u00f3ry jest elementem edukacji ekologicznej. Z okazji tego \u015bwi\u0119ta dzieci z grupy &#8222;S\u0142oneczek&#8221; wzi\u0119\u0142y udzia\u0142 w akcji &#8222;Przytul si\u0119 do drzewa&#8221;. Jest to og\u00f3lnopolska inicjatywa Stra\u017cnik\u00f3w Las\u00f3w, kt\u00f3ra ma na celu podnoszenie \u015bwiadomo\u015bci na temat ochrony las\u00f3w przed po\u017carami poprzez edukacj\u0119 i promowanie bezpiecznych zachowa\u0144 w lesie. &#8222;S\u0142oneczka&#8221; podczas zaj\u0119\u0107 pozna\u0142y budow\u0119 oraz rodzaje drzew, ich znaczenie dla cz\u0142owieka, zwierz\u0105t i przyrody, a tak\u017ce wykona\u0142y prac\u0119 plastyczn\u0105 pod tytu\u0142em ,,Drzewo przyja\u017ani&#8221;. Pami\u0119tajmy, \u017ce przyroda to nasza Matka &#8211; dbajmy o ni\u0105.<\/span><\/p>\n","protected":false},"excerpt":{"rendered":"<p>Co roku 10. pa\u017adziernika obchodzimy w Polsce Dzie\u0144 Drzewa, kt\u00f3ry jest elementem edukacji ekologicznej. Z okazji tego \u015bwi\u0119ta dzieci z grupy &#8222;S\u0142oneczek&#8221; wzi\u0119\u0142y udzia\u0142 w akcji &#8222;Przytul si\u0119 do drzewa&#8221;. Jest to og\u00f3lnopolska inicjatywa Stra\u017cnik\u00f3w Las\u00f3w, kt\u00f3ra ma na celu podnoszenie \u015bwiadomo\u015bci na temat ochrony las\u00f3w przed po\u017carami poprzez edukacj\u0119 i promowanie bezpiecznych zachowa\u0144 w [&hellip;]<\/p>\n","protected":false},"author":11,"featured_media":0,"comment_status":"closed","ping_status":"open","sticky":false,"template":"","format":"standard","meta":{"_et_pb_use_builder":"","_et_pb_old_content":"","_et_gb_content_width":"","footnotes":""},"categories":[4],"tags":[],"class_list":["post-1086680","post","type-post","status-publish","format-standard","hentry","category-grupy_aktualnosci"],"_links":{"self":[{"href":"https:\/\/zsp5.zory.pl\/index.php?rest_route=\/wp\/v2\/posts\/1086680","targetHints":{"allow":["GET"]}}],"collection":[{"href":"https:\/\/zsp5.zory.pl\/index.php?rest_route=\/wp\/v2\/posts"}],"about":[{"href":"https:\/\/zsp5.zory.pl\/index.php?rest_route=\/wp\/v2\/types\/post"}],"author":[{"embeddable":true,"href":"https:\/\/zsp5.zory.pl\/index.php?rest_route=\/wp\/v2\/users\/11"}],"replies":[{"embeddable":true,"href":"https:\/\/zsp5.zory.pl\/index.php?rest_route=%2Fwp%2Fv2%2Fcomments&post=1086680"}],"version-history":[{"count":1,"href":"https:\/\/zsp5.zory.pl\/index.php?rest_route=\/wp\/v2\/posts\/1086680\/revisions"}],"predecessor-version":[{"id":1086681,"href":"https:\/\/zsp5.zory.pl\/index.php?rest_route=\/wp\/v2\/posts\/1086680\/revisions\/1086681"}],"wp:attachment":[{"href":"https:\/\/zsp5.zory.pl\/index.php?rest_route=%2Fwp%2Fv2%2Fmedia&parent=1086680"}],"wp:term":[{"taxonomy":"category","embeddable":true,"href":"https:\/\/zsp5.zory.pl\/index.php?rest_route=%2Fwp%2Fv2%2Fcategories&post=1086680"},{"taxonomy":"post_tag","embeddable":true,"href":"https:\/\/zsp5.zory.pl\/index.php?rest_route=%2Fwp%2Fv2%2Ftags&post=1086680"}],"curies":[{"name":"wp","href":"https:\/\/api.w.org\/{rel}","templated":true}]}}