{"id":1086662,"date":"2025-10-15T12:17:30","date_gmt":"2025-10-15T10:17:30","guid":{"rendered":"https:\/\/zsp5.zory.pl\/?p=1086662"},"modified":"2025-10-15T12:17:56","modified_gmt":"2025-10-15T10:17:56","slug":"nagroda-prezydenta-miasta-zory","status":"publish","type":"post","link":"https:\/\/zsp5.zory.pl\/?p=1086662","title":{"rendered":"Nagroda Prezydenta Miasta \u017bory"},"content":{"rendered":"<div class=\"xdj266r x14z9mp xat24cr x1lziwak x1vvkbs x126k92a\">\n<div dir=\"auto\"><span style=\"color: #000000;\">&#8222;Aby zapala\u0107 innych, samemu trzeba p\u0142on\u0105\u0107&#8221;<\/span><\/div>\n<\/div>\n<div class=\"x14z9mp xat24cr x1lziwak x1vvkbs xtlvy1s x126k92a\">\n<div dir=\"auto\"><span style=\"color: #000000;\">Dnia 10 pa\u017adziernika 2025 r. w \u201eKinie Na Star\u00f3wce\u201d podczas uroczysto\u015bci miejskich zosta\u0142y wr\u0119czone Nagrody Prezydenta Miasta dla wyr\u00f3\u017cniaj\u0105cych si\u0119 dyrektor\u00f3w i nauczycieli. W tym zaszczytnym gronie znalaz\u0142y si\u0119: <strong>pani dyrektor Renata Ga\u0142u\u017cna, pani wicedyrektor Wioleta Tobiasz oraz pani Agnieszka Wala.<\/strong> Nagrody przyznano za szczeg\u00f3lne osi\u0105gni\u0119cia w pracy dydaktyczno-wychowawczo-opieku\u0144czej w roku szkolnym 2024\/2025.<\/span><\/div>\n<\/div>\n<div class=\"x14z9mp xat24cr x1lziwak x1vvkbs xtlvy1s x126k92a\">\n<div dir=\"auto\"><span style=\"color: #000000;\">Gratulujemy pani Dyrektor Renacie Ga\u0142u\u017cnej bycia niezwyk\u0142ym przewodnikiem, liderem, kt\u00f3ry nap\u0119dza ca\u0142\u0105 spo\u0142eczno\u015b\u0107 szkoln\u0105 i przedszkoln\u0105 do kreatywnej pracy.<\/span><\/div>\n<\/div>\n<div class=\"x14z9mp xat24cr x1lziwak x1vvkbs xtlvy1s x126k92a\">\n<div dir=\"auto\"><span style=\"color: #000000;\">Gratulujemy pani Wicedyrektor Wiolecie Tobiasz wsp\u00f3\u0142tworzenia przedszkola, kt\u00f3re jest miejscem pe\u0142nym ciep\u0142a i rado\u015bci.<\/span><\/div>\n<\/div>\n<div class=\"x14z9mp xat24cr x1lziwak x1vvkbs xtlvy1s x126k92a\">\n<div dir=\"auto\"><span style=\"color: #000000;\">Gratulujemy pani Agnieszce Wali zaanga\u017cowania i pasji sprawiaj\u0105cej, \u017ce m\u0142ode pokolenie mo\u017ce rozwija\u0107 swoje talenty.<\/span><\/div>\n<\/div>\n<div class=\"x14z9mp xat24cr x1lziwak x1vvkbs xtlvy1s x126k92a\">\n<div dir=\"auto\"><span style=\"color: #000000;\">\u017byczymy dalszej owocnej pracy!<\/span><\/div>\n<\/div>\n","protected":false},"excerpt":{"rendered":"<p>&#8222;Aby zapala\u0107 innych, samemu trzeba p\u0142on\u0105\u0107&#8221; Dnia 10 pa\u017adziernika 2025 r. w \u201eKinie Na Star\u00f3wce\u201d podczas uroczysto\u015bci miejskich zosta\u0142y wr\u0119czone Nagrody Prezydenta Miasta dla wyr\u00f3\u017cniaj\u0105cych si\u0119 dyrektor\u00f3w i nauczycieli. W tym zaszczytnym gronie znalaz\u0142y si\u0119: pani dyrektor Renata Ga\u0142u\u017cna, pani wicedyrektor Wioleta Tobiasz oraz pani Agnieszka Wala. Nagrody przyznano za szczeg\u00f3lne osi\u0105gni\u0119cia w pracy dydaktyczno-wychowawczo-opieku\u0144czej [&hellip;]<\/p>\n","protected":false},"author":11,"featured_media":0,"comment_status":"closed","ping_status":"open","sticky":false,"template":"","format":"standard","meta":{"_et_pb_use_builder":"","_et_pb_old_content":"","_et_gb_content_width":"","footnotes":""},"categories":[2],"tags":[],"class_list":["post-1086662","post","type-post","status-publish","format-standard","hentry","category-aktualnosci"],"_links":{"self":[{"href":"https:\/\/zsp5.zory.pl\/index.php?rest_route=\/wp\/v2\/posts\/1086662","targetHints":{"allow":["GET"]}}],"collection":[{"href":"https:\/\/zsp5.zory.pl\/index.php?rest_route=\/wp\/v2\/posts"}],"about":[{"href":"https:\/\/zsp5.zory.pl\/index.php?rest_route=\/wp\/v2\/types\/post"}],"author":[{"embeddable":true,"href":"https:\/\/zsp5.zory.pl\/index.php?rest_route=\/wp\/v2\/users\/11"}],"replies":[{"embeddable":true,"href":"https:\/\/zsp5.zory.pl\/index.php?rest_route=%2Fwp%2Fv2%2Fcomments&post=1086662"}],"version-history":[{"count":1,"href":"https:\/\/zsp5.zory.pl\/index.php?rest_route=\/wp\/v2\/posts\/1086662\/revisions"}],"predecessor-version":[{"id":1086663,"href":"https:\/\/zsp5.zory.pl\/index.php?rest_route=\/wp\/v2\/posts\/1086662\/revisions\/1086663"}],"wp:attachment":[{"href":"https:\/\/zsp5.zory.pl\/index.php?rest_route=%2Fwp%2Fv2%2Fmedia&parent=1086662"}],"wp:term":[{"taxonomy":"category","embeddable":true,"href":"https:\/\/zsp5.zory.pl\/index.php?rest_route=%2Fwp%2Fv2%2Fcategories&post=1086662"},{"taxonomy":"post_tag","embeddable":true,"href":"https:\/\/zsp5.zory.pl\/index.php?rest_route=%2Fwp%2Fv2%2Ftags&post=1086662"}],"curies":[{"name":"wp","href":"https:\/\/api.w.org\/{rel}","templated":true}]}}