{"id":1086660,"date":"2025-10-15T12:14:46","date_gmt":"2025-10-15T10:14:46","guid":{"rendered":"https:\/\/zsp5.zory.pl\/?p=1086660"},"modified":"2025-10-15T12:14:59","modified_gmt":"2025-10-15T10:14:59","slug":"dziecinstwo-bez-przemocy","status":"publish","type":"post","link":"https:\/\/zsp5.zory.pl\/?p=1086660","title":{"rendered":"\u201eDzieci\u0144stwo bez Przemocy\u201d"},"content":{"rendered":"<div class=\"xdj266r x14z9mp xat24cr x1lziwak x1vvkbs x126k92a\">\n<div dir=\"auto\"><span style=\"color: #000000;\">Z ogromn\u0105 rado\u015bci\u0105 informujemy, \u017ce nasza szko\u0142a po raz drugi przyst\u0119puje do og\u00f3lnopolskiej kampanii Dzieci\u0144stwo bez Przemocy 2025. W tym roku kampania trwa od 6 pa\u017adziernika do 19 listopada i ma na celu m.in.:<\/span><\/div>\n<\/div>\n<div class=\"x14z9mp xat24cr x1lziwak x1vvkbs xtlvy1s x126k92a\">\n<ul>\n<li dir=\"auto\"><span style=\"color: #000000;\">zwi\u0119kszenie \u015bwiadomo\u015bci spo\u0142ecznej na temat przemocy wobec dzieci, jej rodzaj\u00f3w i skutk\u00f3w,<\/span><\/li>\n<li dir=\"auto\"><span style=\"color: #000000;\">promowanie reagowania i nieoboj\u0119tno\u015bci wobec sygna\u0142\u00f3w, \u017ce dziecko mo\u017ce by\u0107 krzywdzone,<\/span><\/li>\n<li dir=\"auto\"><span style=\"color: #000000;\">wspieranie wychowania bez przemocy \u2014 opartego na szacunku, zrozumieniu i empatii,<\/span><\/li>\n<li dir=\"auto\"><span style=\"color: #000000;\">edukacj\u0119 dzieci i m\u0142odzie\u017cy, aby wiedzia\u0142y, kiedy i jak si\u0119 broni\u0107, oraz gdzie szuka\u0107 pomocy,<\/span><\/li>\n<li dir=\"auto\"><span style=\"color: #000000;\">wzmacnianie system\u00f3w ochrony prawnej i wsparcia dla dzieci i rodzin.<\/span><\/li>\n<\/ul>\n<\/div>\n<div class=\"x14z9mp xat24cr x1lziwak x1vvkbs xtlvy1s x126k92a\">\n<div dir=\"auto\"><span style=\"color: #000000;\">W ramach kampanii zaplanowali\u015bmy m.in.:<\/span><\/div>\n<\/div>\n<div class=\"x14z9mp xat24cr x1lziwak x1vvkbs xtlvy1s x126k92a\">\n<ul>\n<li dir=\"auto\"><span style=\"color: #000000;\">lekcje tematyczne i warsztaty dla uczni\u00f3w,<\/span><\/li>\n<li dir=\"auto\"><span style=\"color: #000000;\">webinary dla nauczycieli, rodzic\u00f3w i opiekun\u00f3w,<\/span><\/li>\n<li dir=\"auto\"><span style=\"color: #000000;\">akcje informacyjne i promocyjne,<\/span><\/li>\n<li dir=\"auto\"><span style=\"color: #000000;\">dzia\u0142ania integruj\u0105ce ca\u0142\u0105 spo\u0142eczno\u015b\u0107 szkoln\u0105.<\/span><\/li>\n<\/ul>\n<\/div>\n<div class=\"x14z9mp xat24cr x1lziwak x1vvkbs xtlvy1s x126k92a\">\n<div dir=\"auto\"><span style=\"color: #000000;\">Ju\u017c teraz zapraszamy wszystkich \u2014 uczni\u00f3w, rodzic\u00f3w, grono pedagogiczne \u2014 do czynnego udzia\u0142u. Ka\u017cdy gest ma znaczenie \u2014 rozmowa, wsparcie, uwa\u017cno\u015b\u0107 mog\u0105 realnie pom\u00f3c. Je\u015bli chcesz dowiedzie\u0107 si\u0119 wi\u0119cej o kampanii \u2014 jej celach, dzia\u0142aniach i materia\u0142ach \u2014 zerknij tutaj:<\/span> <span class=\"html-span xdj266r x14z9mp xat24cr x1lziwak xexx8yu xyri2b x18d9i69 x1c1uobl x1hl2dhg x16tdsg8 x1vvkbs\"><a class=\"x1i10hfl xjbqb8w x1ejq31n x18oe1m7 x1sy0etr xstzfhl x972fbf x10w94by x1qhh985 x14e42zd x9f619 x1ypdohk xt0psk2 x3ct3a4 xdj266r x14z9mp xat24cr x1lziwak xexx8yu xyri2b x18d9i69 x1c1uobl x16tdsg8 x1hl2dhg xggy1nq x1a2a7pz xkrqix3 x1sur9pj x1fey0fg x1s688f\" tabindex=\"0\" role=\"link\" href=\"https:\/\/l.facebook.com\/l.php?u=http%3A%2F%2Fdziecinstwobezprzemocy.pl%2Fo-kampanii-2025%3Ffbclid%3DIwZXh0bgNhZW0CMTAAYnJpZBEwb2NuaTAwMEM4bXBBVFE0RQEe9BhpsNOCA30d_CD0XZQKet1gU_ejAi6sCluCKlFdc9bTBHhAH7cFqW0i5So_aem_UytDVJmk5m3kmSeUbIwYLw&amp;h=AT1SOjpVg2lk2REm37Qh0cSyqyz3U1xQBcPJSRW5jZDCSFM7t_xwqrph34zI4-A_k3f4L6amSVW4kgIChFp7--BETWONAvHyyuXoFfgyRjc3wP6aWpT7l5Tte7jnckyGzyDgPk-1ytwHm47Y&amp;__tn__=-UK-R&amp;c[0]=AT32brLzMcOe6VGsPMDaqQMXBCg4CCLYRvcbVq16wlWINBR_CqBt7ny3krHzsAZw8jH4I6MBYw_WNAF0RYQJY36-dQSfQK6k4LXe4UISpvXPeU1XvXdsri2v1oaiUw4WldFI4as1oQy3qlXxq6kWy2eJpKOLRM2DlozA9HS5DjBwbc0_ORTOzKNWfwHdURzKgVnY4crTCiMyDxzDm2sbhSUW\" target=\"_blank\" rel=\"nofollow noopener noreferrer\">dziecinstwobezprzemocy.pl\/o-kampanii-2025<\/a><\/span><\/div>\n<\/div>\n<div class=\"x14z9mp xat24cr x1lziwak x1vvkbs xtlvy1s x126k92a\">\n<div dir=\"auto\"><span style=\"color: #000000;\">Razem tworzymy szko\u0142\u0119 woln\u0105 od przemocy \u2014 bezpieczn\u0105 przestrze\u0144 dla ka\u017cdego dziecka.<\/span><\/div>\n<\/div>\n","protected":false},"excerpt":{"rendered":"<p>Z ogromn\u0105 rado\u015bci\u0105 informujemy, \u017ce nasza szko\u0142a po raz drugi przyst\u0119puje do og\u00f3lnopolskiej kampanii Dzieci\u0144stwo bez Przemocy 2025. W tym roku kampania trwa od 6 pa\u017adziernika do 19 listopada i ma na celu m.in.: zwi\u0119kszenie \u015bwiadomo\u015bci spo\u0142ecznej na temat przemocy wobec dzieci, jej rodzaj\u00f3w i skutk\u00f3w, promowanie reagowania i nieoboj\u0119tno\u015bci wobec sygna\u0142\u00f3w, \u017ce dziecko mo\u017ce [&hellip;]<\/p>\n","protected":false},"author":11,"featured_media":0,"comment_status":"closed","ping_status":"open","sticky":false,"template":"","format":"standard","meta":{"_et_pb_use_builder":"","_et_pb_old_content":"","_et_gb_content_width":"","footnotes":""},"categories":[2],"tags":[],"class_list":["post-1086660","post","type-post","status-publish","format-standard","hentry","category-aktualnosci"],"_links":{"self":[{"href":"https:\/\/zsp5.zory.pl\/index.php?rest_route=\/wp\/v2\/posts\/1086660","targetHints":{"allow":["GET"]}}],"collection":[{"href":"https:\/\/zsp5.zory.pl\/index.php?rest_route=\/wp\/v2\/posts"}],"about":[{"href":"https:\/\/zsp5.zory.pl\/index.php?rest_route=\/wp\/v2\/types\/post"}],"author":[{"embeddable":true,"href":"https:\/\/zsp5.zory.pl\/index.php?rest_route=\/wp\/v2\/users\/11"}],"replies":[{"embeddable":true,"href":"https:\/\/zsp5.zory.pl\/index.php?rest_route=%2Fwp%2Fv2%2Fcomments&post=1086660"}],"version-history":[{"count":1,"href":"https:\/\/zsp5.zory.pl\/index.php?rest_route=\/wp\/v2\/posts\/1086660\/revisions"}],"predecessor-version":[{"id":1086661,"href":"https:\/\/zsp5.zory.pl\/index.php?rest_route=\/wp\/v2\/posts\/1086660\/revisions\/1086661"}],"wp:attachment":[{"href":"https:\/\/zsp5.zory.pl\/index.php?rest_route=%2Fwp%2Fv2%2Fmedia&parent=1086660"}],"wp:term":[{"taxonomy":"category","embeddable":true,"href":"https:\/\/zsp5.zory.pl\/index.php?rest_route=%2Fwp%2Fv2%2Fcategories&post=1086660"},{"taxonomy":"post_tag","embeddable":true,"href":"https:\/\/zsp5.zory.pl\/index.php?rest_route=%2Fwp%2Fv2%2Ftags&post=1086660"}],"curies":[{"name":"wp","href":"https:\/\/api.w.org\/{rel}","templated":true}]}}